{"id":977,"date":"2020-09-22T14:53:31","date_gmt":"2020-09-22T19:53:31","guid":{"rendered":"https:\/\/lalider.mx\/?p=977"},"modified":"2021-01-19T17:08:31","modified_gmt":"2021-01-19T23:08:31","slug":"desde-cocula-con-karla-zoraviet","status":"publish","type":"post","link":"https:\/\/lalider.mx\/index.php\/2020\/09\/22\/desde-cocula-con-karla-zoraviet\/","title":{"rendered":"Desde Cocula con Karla Zoraviet"},"content":{"rendered":"\t\t<div data-elementor-type=\"wp-post\" data-elementor-id=\"977\" class=\"elementor elementor-977\" data-elementor-post-type=\"post\">\n\t\t\t\t\t\t<section class=\"elementor-section elementor-top-section elementor-element elementor-element-0f0a8a1 elementor-section-boxed elementor-section-height-default elementor-section-height-default\" data-id=\"0f0a8a1\" data-element_type=\"section\" data-e-type=\"section\">\n\t\t\t\t\t\t<div class=\"elementor-container elementor-column-gap-default\">\n\t\t\t\t\t<div class=\"elementor-column elementor-col-100 elementor-top-column elementor-element elementor-element-853cb90\" data-id=\"853cb90\" data-element_type=\"column\" data-e-type=\"column\">\n\t\t\t<div class=\"elementor-widget-wrap elementor-element-populated\">\n\t\t\t\t\t\t<div class=\"elementor-element elementor-element-6a53e16 elementor-widget elementor-widget-image\" data-id=\"6a53e16\" data-element_type=\"widget\" data-e-type=\"widget\" data-widget_type=\"image.default\">\n\t\t\t\t<div class=\"elementor-widget-container\">\n\t\t\t\t\t\t\t\t\t\t\t\t\t\t\t<img fetchpriority=\"high\" decoding=\"async\" width=\"800\" height=\"436\" src=\"https:\/\/lalider.mx\/wp-content\/uploads\/2020\/07\/DESDE-COCULA-1024x558.jpg\" class=\"attachment-large size-large wp-image-1362\" alt=\"\" srcset=\"https:\/\/lalider.mx\/wp-content\/uploads\/2020\/07\/DESDE-COCULA-1024x558.jpg 1024w, https:\/\/lalider.mx\/wp-content\/uploads\/2020\/07\/DESDE-COCULA-300x163.jpg 300w, https:\/\/lalider.mx\/wp-content\/uploads\/2020\/07\/DESDE-COCULA-768x418.jpg 768w, https:\/\/lalider.mx\/wp-content\/uploads\/2020\/07\/DESDE-COCULA-1536x837.jpg 1536w, https:\/\/lalider.mx\/wp-content\/uploads\/2020\/07\/DESDE-COCULA-2048x1116.jpg 2048w\" sizes=\"(max-width: 800px) 100vw, 800px\" \/>\t\t\t\t\t\t\t\t\t\t\t\t\t\t\t<\/div>\n\t\t\t\t<\/div>\n\t\t\t\t<div class=\"elementor-element elementor-element-34f9bd7 elementor-widget elementor-widget-text-editor\" data-id=\"34f9bd7\" data-element_type=\"widget\" data-e-type=\"widget\" data-widget_type=\"text-editor.default\">\n\t\t\t\t<div class=\"elementor-widget-container\">\n\t\t\t\t\t\t\t\t\t<p><strong>Todos los jueves<\/strong> te invitamos a sintonizar totalmente en vivo <strong>\u201cDesde Cocula, Jalisco M\u00e9xico\u201d<\/strong>, la tierra que vio nacer el mariachi, a cargo de la locutora <strong>Karla Zoraviet<\/strong>.<\/p><p>La L\u00edder con presencia en este bello municipio, trae para ti un programa estilo revista y de amplia variedad musical, en donde puedes hacer llegar tus saludos y felicitaciones para esa persona tan especial, as\u00ed como pedir complacencias musicales.<\/p><p>En este programa a cargo de la voz m\u00e1s dulce de la radio, tenemos dos secciones; <strong>\u201cZapatero a tu zapato\u201d<\/strong> en el cual se desarrolla un tema de inter\u00e9s social en voz de los especialistas. Y la secci\u00f3n<strong> \u201cLa nota m\u00e1s viral de la semana\u201d<\/strong> a trav\u00e9s de la cual, compartimos con los radioescuchas la informaci\u00f3n que m\u00e1s impacto caus\u00f3 durante el transcurso de la semana.<\/p><p>Dirigido al p\u00fablico en general, te recomendamos escuchar <strong>\u201cDesde Cocula\u201d<\/strong> <b>todos los mi\u00e9rcoles desde las 10:30 de la ma\u00f1ana hasta las 12 del mediod\u00eda.<\/b> <br \/>Un espacio para ti.<\/p>\t\t\t\t\t\t\t\t<\/div>\n\t\t\t\t<\/div>\n\t\t\t\t\t<\/div>\n\t\t<\/div>\n\t\t\t\t\t<\/div>\n\t\t<\/section>\n\t\t\t\t<\/div>\n\t\t","protected":false},"excerpt":{"rendered":"<p>Todos los jueves te invitamos a sintonizar totalmente en vivo \u201cDesde Cocula, Jalisco M\u00e9xico\u201d, la tierra que vio nacer el mariachi, a cargo de la locutora Karla Zoraviet. La L\u00edder con presencia en este bello municipio, trae para ti un programa estilo revista y de amplia variedad musical, en donde puedes hacer llegar tus saludos [&hellip;]<\/p>\n","protected":false},"author":3,"featured_media":1362,"comment_status":"open","ping_status":"closed","sticky":false,"template":"","format":"standard","meta":{"footnotes":""},"categories":[7],"tags":[],"class_list":["post-977","post","type-post","status-publish","format-standard","has-post-thumbnail","hentry","category-programas"],"_links":{"self":[{"href":"https:\/\/lalider.mx\/index.php\/wp-json\/wp\/v2\/posts\/977","targetHints":{"allow":["GET"]}}],"collection":[{"href":"https:\/\/lalider.mx\/index.php\/wp-json\/wp\/v2\/posts"}],"about":[{"href":"https:\/\/lalider.mx\/index.php\/wp-json\/wp\/v2\/types\/post"}],"author":[{"embeddable":true,"href":"https:\/\/lalider.mx\/index.php\/wp-json\/wp\/v2\/users\/3"}],"replies":[{"embeddable":true,"href":"https:\/\/lalider.mx\/index.php\/wp-json\/wp\/v2\/comments?post=977"}],"version-history":[{"count":10,"href":"https:\/\/lalider.mx\/index.php\/wp-json\/wp\/v2\/posts\/977\/revisions"}],"predecessor-version":[{"id":1399,"href":"https:\/\/lalider.mx\/index.php\/wp-json\/wp\/v2\/posts\/977\/revisions\/1399"}],"wp:featuredmedia":[{"embeddable":true,"href":"https:\/\/lalider.mx\/index.php\/wp-json\/wp\/v2\/media\/1362"}],"wp:attachment":[{"href":"https:\/\/lalider.mx\/index.php\/wp-json\/wp\/v2\/media?parent=977"}],"wp:term":[{"taxonomy":"category","embeddable":true,"href":"https:\/\/lalider.mx\/index.php\/wp-json\/wp\/v2\/categories?post=977"},{"taxonomy":"post_tag","embeddable":true,"href":"https:\/\/lalider.mx\/index.php\/wp-json\/wp\/v2\/tags?post=977"}],"curies":[{"name":"wp","href":"https:\/\/api.w.org\/{rel}","templated":true}]}}