{"id":844,"date":"2020-09-09T13:46:04","date_gmt":"2020-09-09T18:46:04","guid":{"rendered":"https:\/\/lalider.mx\/?p=844"},"modified":"2020-09-23T02:41:43","modified_gmt":"2020-09-23T07:41:43","slug":"levanta-t","status":"publish","type":"post","link":"https:\/\/lalider.mx\/index.php\/2020\/09\/09\/levanta-t\/","title":{"rendered":"Levanta-T"},"content":{"rendered":"\t\t<div data-elementor-type=\"wp-post\" data-elementor-id=\"844\" class=\"elementor elementor-844\" data-elementor-post-type=\"post\">\n\t\t\t\t\t\t<section class=\"elementor-section elementor-top-section elementor-element elementor-element-9e0922e elementor-section-boxed elementor-section-height-default elementor-section-height-default\" data-id=\"9e0922e\" data-element_type=\"section\" data-e-type=\"section\">\n\t\t\t\t\t\t<div class=\"elementor-container elementor-column-gap-default\">\n\t\t\t\t\t<div class=\"elementor-column elementor-col-100 elementor-top-column elementor-element elementor-element-bbec85b\" data-id=\"bbec85b\" data-element_type=\"column\" data-e-type=\"column\">\n\t\t\t<div class=\"elementor-widget-wrap elementor-element-populated\">\n\t\t\t\t\t\t<div class=\"elementor-element elementor-element-67cf568 elementor-widget elementor-widget-text-editor\" data-id=\"67cf568\" data-element_type=\"widget\" data-e-type=\"widget\" data-widget_type=\"text-editor.default\">\n\t\t\t\t<div class=\"elementor-widget-container\">\n\t\t\t\t\t\t\t\t\t<p style=\"text-align: center;\"><strong>&#8220;El programa m\u00e1s vers\u00e1til de la radio&#8221;<\/strong><\/p><p><strong>V\u00edctor Loza y Adylene Mu\u00f1iz<\/strong> te esperan todos los <strong>lunes de 10:00 a 12:00 del d\u00eda<\/strong> en este espacio destinado a promover y brindar espacio a los nuevos talentos de toda la regi\u00f3n y m\u00e1s all\u00e1, de una manera din\u00e1mica y divertida.<\/p><p>Adem\u00e1s de participar en las diferentes secciones que traen para ustedes, aunado con buena m\u00fasica y muchas sorpresas m\u00e1s que har\u00e1n inicies tu semana con la mejor actitud.<\/p>\t\t\t\t\t\t\t\t<\/div>\n\t\t\t\t<\/div>\n\t\t\t\t\t<\/div>\n\t\t<\/div>\n\t\t\t\t\t<\/div>\n\t\t<\/section>\n\t\t\t\t<\/div>\n\t\t","protected":false},"excerpt":{"rendered":"<p>&#8220;El programa m\u00e1s vers\u00e1til de la radio&#8221; V\u00edctor Loza y Adylene Mu\u00f1iz te esperan todos los lunes de 10:00 a 12:00 del d\u00eda en este espacio destinado a promover y brindar espacio a los nuevos talentos de toda la regi\u00f3n y m\u00e1s all\u00e1, de una manera din\u00e1mica y divertida. Adem\u00e1s de participar en las diferentes [&hellip;]<\/p>\n","protected":false},"author":3,"featured_media":1029,"comment_status":"open","ping_status":"closed","sticky":false,"template":"","format":"standard","meta":{"footnotes":""},"categories":[7],"tags":[],"class_list":["post-844","post","type-post","status-publish","format-standard","has-post-thumbnail","hentry","category-programas"],"_links":{"self":[{"href":"https:\/\/lalider.mx\/index.php\/wp-json\/wp\/v2\/posts\/844","targetHints":{"allow":["GET"]}}],"collection":[{"href":"https:\/\/lalider.mx\/index.php\/wp-json\/wp\/v2\/posts"}],"about":[{"href":"https:\/\/lalider.mx\/index.php\/wp-json\/wp\/v2\/types\/post"}],"author":[{"embeddable":true,"href":"https:\/\/lalider.mx\/index.php\/wp-json\/wp\/v2\/users\/3"}],"replies":[{"embeddable":true,"href":"https:\/\/lalider.mx\/index.php\/wp-json\/wp\/v2\/comments?post=844"}],"version-history":[{"count":4,"href":"https:\/\/lalider.mx\/index.php\/wp-json\/wp\/v2\/posts\/844\/revisions"}],"predecessor-version":[{"id":1017,"href":"https:\/\/lalider.mx\/index.php\/wp-json\/wp\/v2\/posts\/844\/revisions\/1017"}],"wp:featuredmedia":[{"embeddable":true,"href":"https:\/\/lalider.mx\/index.php\/wp-json\/wp\/v2\/media\/1029"}],"wp:attachment":[{"href":"https:\/\/lalider.mx\/index.php\/wp-json\/wp\/v2\/media?parent=844"}],"wp:term":[{"taxonomy":"category","embeddable":true,"href":"https:\/\/lalider.mx\/index.php\/wp-json\/wp\/v2\/categories?post=844"},{"taxonomy":"post_tag","embeddable":true,"href":"https:\/\/lalider.mx\/index.php\/wp-json\/wp\/v2\/tags?post=844"}],"curies":[{"name":"wp","href":"https:\/\/api.w.org\/{rel}","templated":true}]}}