{"id":704,"date":"2020-07-28T13:46:59","date_gmt":"2020-07-28T18:46:59","guid":{"rendered":"https:\/\/lalider.mx\/?p=704"},"modified":"2020-07-28T13:47:05","modified_gmt":"2020-07-28T18:47:05","slug":"aqui-esta-el-primer-vistazo-a-justice-league-version-inedita-de-zack-snyder-superman-hace-gala-del-legendario-traje-negro","status":"publish","type":"post","link":"https:\/\/lalider.mx\/index.php\/2020\/07\/28\/aqui-esta-el-primer-vistazo-a-justice-league-version-inedita-de-zack-snyder-superman-hace-gala-del-legendario-traje-negro\/","title":{"rendered":"Aqu\u00ed est\u00e1 el primer vistazo a &#8216;Justice League&#8217;, versi\u00f3n in\u00e9dita de Zack Snyder: Superman hace gala del legendario traje negro"},"content":{"rendered":"\t\t<div data-elementor-type=\"wp-post\" data-elementor-id=\"704\" class=\"elementor elementor-704\" data-elementor-post-type=\"post\">\n\t\t\t\t\t\t<section class=\"elementor-section elementor-top-section elementor-element elementor-element-bfa740d elementor-section-boxed elementor-section-height-default elementor-section-height-default\" data-id=\"bfa740d\" data-element_type=\"section\" data-e-type=\"section\">\n\t\t\t\t\t\t<div class=\"elementor-container elementor-column-gap-default\">\n\t\t\t\t\t<div class=\"elementor-column elementor-col-100 elementor-top-column elementor-element elementor-element-f5bd91a\" data-id=\"f5bd91a\" data-element_type=\"column\" data-e-type=\"column\">\n\t\t\t<div class=\"elementor-widget-wrap elementor-element-populated\">\n\t\t\t\t\t\t<div class=\"elementor-element elementor-element-49a3f40 elementor-widget elementor-widget-text-editor\" data-id=\"49a3f40\" data-element_type=\"widget\" data-e-type=\"widget\" data-widget_type=\"text-editor.default\">\n\t\t\t\t<div class=\"elementor-widget-container\">\n\t\t\t\t\t\t\t\t\t<p>La Comic-Con@Home se lleva a cabo como estaba previsto, y uno de los paneles m\u00e1s esperados era el de DC, por la esperanza de ver novedades de la versi\u00f3n de<strong> &#8216;Justice League&#8217;<\/strong> del director Zack Snyder. Y s\u00ed, han habido novedades muy interesantes.\u00a0<\/p>\n<p>En el panel #JusticeCon se ha mostrado un muy peque\u00f1o adelanto de la versi\u00f3n de la cinta de Snyder, conocido como &#8216;Justice League&#8217; Snyder Cut, cuyo protagonista es Super Man en su legendario traje negro. Sin m\u00e1s, aqu\u00ed el breve video:<\/p>\t\t\t\t\t\t\t\t<\/div>\n\t\t\t\t<\/div>\n\t\t\t\t<div class=\"elementor-element elementor-element-20636c1 elementor-widget elementor-widget-video\" data-id=\"20636c1\" data-element_type=\"widget\" data-e-type=\"widget\" data-settings=\"{&quot;youtube_url&quot;:&quot;https:\\\/\\\/youtu.be\\\/bnkZHotwlsE&quot;,&quot;video_type&quot;:&quot;youtube&quot;,&quot;controls&quot;:&quot;yes&quot;}\" data-widget_type=\"video.default\">\n\t\t\t\t<div class=\"elementor-widget-container\">\n\t\t\t\t\t\t\t<div class=\"elementor-wrapper elementor-open-inline\">\n\t\t\t<div class=\"elementor-video\"><\/div>\t\t<\/div>\n\t\t\t\t\t\t<\/div>\n\t\t\t\t<\/div>\n\t\t\t\t<div class=\"elementor-element elementor-element-cd8aa4c elementor-widget elementor-widget-text-editor\" data-id=\"cd8aa4c\" data-element_type=\"widget\" data-e-type=\"widget\" data-widget_type=\"text-editor.default\">\n\t\t\t\t<div class=\"elementor-widget-container\">\n\t\t\t\t\t\t\t\t\t<p>El adelanto es muy breve, pero tambi\u00e9n muy valioso para los fans. Por otro lado, durante su presentaci\u00f3n <strong>Snyder<\/strong> revel\u00f3 otros detalles interesantes al respecto su cinta:<\/p>\n<p>No utilizar\u00e1 ninguna toma o fragmento de la cinta de Joss Whedon, es decir que todo el material ser\u00e1 completamente nuevo<\/p>\n<p>Su versi\u00f3n tendr\u00e1 otro nombre, y revelar\u00e1 m\u00e1s adelante si llegar\u00e1 como pel\u00edcula de cuatro horas o como serie.<\/p>\t\t\t\t\t\t\t\t<\/div>\n\t\t\t\t<\/div>\n\t\t\t\t<div class=\"elementor-element elementor-element-a0d14c9 elementor-widget elementor-widget-image\" data-id=\"a0d14c9\" data-element_type=\"widget\" data-e-type=\"widget\" data-widget_type=\"image.default\">\n\t\t\t\t<div class=\"elementor-widget-container\">\n\t\t\t\t\t\t\t\t\t\t\t\t\t\t\t<img fetchpriority=\"high\" decoding=\"async\" width=\"561\" height=\"315\" src=\"https:\/\/lalider.mx\/wp-content\/uploads\/2020\/07\/liga-de-la-justicia.jpg\" class=\"attachment-large size-large wp-image-707\" alt=\"\" srcset=\"https:\/\/lalider.mx\/wp-content\/uploads\/2020\/07\/liga-de-la-justicia.jpg 561w, https:\/\/lalider.mx\/wp-content\/uploads\/2020\/07\/liga-de-la-justicia-300x168.jpg 300w\" sizes=\"(max-width: 561px) 100vw, 561px\" \/>\t\t\t\t\t\t\t\t\t\t\t\t\t\t\t<\/div>\n\t\t\t\t<\/div>\n\t\t\t\t<div class=\"elementor-element elementor-element-df8a47e elementor-widget elementor-widget-text-editor\" data-id=\"df8a47e\" data-element_type=\"widget\" data-e-type=\"widget\" data-widget_type=\"text-editor.default\">\n\t\t\t\t<div class=\"elementor-widget-container\">\n\t\t\t\t\t\t\t\t\t<p>La versi\u00f3n de <strong>\u201cJustice League\u201d de Zack Snyder<\/strong> se estrenara en exclusiva HBO MAX en 2021.<\/p>\t\t\t\t\t\t\t\t<\/div>\n\t\t\t\t<\/div>\n\t\t\t\t\t<\/div>\n\t\t<\/div>\n\t\t\t\t\t<\/div>\n\t\t<\/section>\n\t\t\t\t<section class=\"elementor-section elementor-top-section elementor-element elementor-element-ee13c7e elementor-section-boxed elementor-section-height-default elementor-section-height-default\" data-id=\"ee13c7e\" data-element_type=\"section\" data-e-type=\"section\">\n\t\t\t\t\t\t<div class=\"elementor-container elementor-column-gap-default\">\n\t\t\t\t\t<div class=\"elementor-column elementor-col-100 elementor-top-column elementor-element elementor-element-fb7841e\" data-id=\"fb7841e\" data-element_type=\"column\" data-e-type=\"column\">\n\t\t\t<div class=\"elementor-widget-wrap elementor-element-populated\">\n\t\t\t\t\t\t<div class=\"elementor-element elementor-element-94209b0 elementor-widget elementor-widget-text-editor\" data-id=\"94209b0\" data-element_type=\"widget\" data-e-type=\"widget\" data-widget_type=\"text-editor.default\">\n\t\t\t\t<div class=\"elementor-widget-container\">\n\t\t\t\t\t\t\t\t\t<p><strong>Fuente:<\/strong><\/p>\n<p><span style=\"font-size: 1rem;\">www.youtube.com\/watch?v=bnkZHotwlsE<\/span><\/p>\n<p>https:\/\/www.xataka.com.mx\/cine-y-tv\/aqui-esta-primer-vistazo-a-justice-league-version-inedita-zack-snyder-superman-hace-gala-legendario-traje-negro?utm_source=msn&utm_medium=feed&utm_campaign=26_Jul_2020<\/p>\n<p>\u00a0<\/p>\t\t\t\t\t\t\t\t<\/div>\n\t\t\t\t<\/div>\n\t\t\t\t\t<\/div>\n\t\t<\/div>\n\t\t\t\t\t<\/div>\n\t\t<\/section>\n\t\t\t\t<\/div>\n\t\t","protected":false},"excerpt":{"rendered":"<p>La Comic-Con@Home se lleva a cabo como estaba previsto, y uno de los paneles m\u00e1s esperados era el de DC, por la esperanza de ver novedades de la versi\u00f3n de &#8216;Justice League&#8217; del director Zack Snyder. Y s\u00ed, han habido novedades muy interesantes.\u00a0 En el panel #JusticeCon se ha mostrado un muy peque\u00f1o adelanto de [&hellip;]<\/p>\n","protected":false},"author":2,"featured_media":698,"comment_status":"open","ping_status":"closed","sticky":false,"template":"","format":"standard","meta":{"footnotes":""},"categories":[1],"tags":[],"class_list":["post-704","post","type-post","status-publish","format-standard","has-post-thumbnail","hentry","category-noticias"],"_links":{"self":[{"href":"https:\/\/lalider.mx\/index.php\/wp-json\/wp\/v2\/posts\/704","targetHints":{"allow":["GET"]}}],"collection":[{"href":"https:\/\/lalider.mx\/index.php\/wp-json\/wp\/v2\/posts"}],"about":[{"href":"https:\/\/lalider.mx\/index.php\/wp-json\/wp\/v2\/types\/post"}],"author":[{"embeddable":true,"href":"https:\/\/lalider.mx\/index.php\/wp-json\/wp\/v2\/users\/2"}],"replies":[{"embeddable":true,"href":"https:\/\/lalider.mx\/index.php\/wp-json\/wp\/v2\/comments?post=704"}],"version-history":[{"count":2,"href":"https:\/\/lalider.mx\/index.php\/wp-json\/wp\/v2\/posts\/704\/revisions"}],"predecessor-version":[{"id":708,"href":"https:\/\/lalider.mx\/index.php\/wp-json\/wp\/v2\/posts\/704\/revisions\/708"}],"wp:featuredmedia":[{"embeddable":true,"href":"https:\/\/lalider.mx\/index.php\/wp-json\/wp\/v2\/media\/698"}],"wp:attachment":[{"href":"https:\/\/lalider.mx\/index.php\/wp-json\/wp\/v2\/media?parent=704"}],"wp:term":[{"taxonomy":"category","embeddable":true,"href":"https:\/\/lalider.mx\/index.php\/wp-json\/wp\/v2\/categories?post=704"},{"taxonomy":"post_tag","embeddable":true,"href":"https:\/\/lalider.mx\/index.php\/wp-json\/wp\/v2\/tags?post=704"}],"curies":[{"name":"wp","href":"https:\/\/api.w.org\/{rel}","templated":true}]}}