{"id":559,"date":"2020-07-23T12:33:06","date_gmt":"2020-07-23T17:33:06","guid":{"rendered":"https:\/\/lalider.mx\/?p=559"},"modified":"2020-07-23T12:33:17","modified_gmt":"2020-07-23T17:33:17","slug":"la-enfermera-rusa-que-fue-a-su-trabajo-en-bikini-y-se-hizo-viral-ya-es-presentadora-del-clima","status":"publish","type":"post","link":"https:\/\/lalider.mx\/index.php\/2020\/07\/23\/la-enfermera-rusa-que-fue-a-su-trabajo-en-bikini-y-se-hizo-viral-ya-es-presentadora-del-clima\/","title":{"rendered":"La enfermera rusa que fue a su trabajo en bikini (y se hizo viral) ya es presentadora del clima"},"content":{"rendered":"\t\t<div data-elementor-type=\"wp-post\" data-elementor-id=\"559\" class=\"elementor elementor-559\" data-elementor-post-type=\"post\">\n\t\t\t\t\t\t<section class=\"elementor-section elementor-top-section elementor-element elementor-element-927ce12 elementor-section-boxed elementor-section-height-default elementor-section-height-default\" data-id=\"927ce12\" data-element_type=\"section\" data-e-type=\"section\">\n\t\t\t\t\t\t<div class=\"elementor-container elementor-column-gap-default\">\n\t\t\t\t\t<div class=\"elementor-column elementor-col-100 elementor-top-column elementor-element elementor-element-df8b7fe\" data-id=\"df8b7fe\" data-element_type=\"column\" data-e-type=\"column\">\n\t\t\t<div class=\"elementor-widget-wrap elementor-element-populated\">\n\t\t\t\t\t\t<div class=\"elementor-element elementor-element-bbb0b2f elementor-widget elementor-widget-text-editor\" data-id=\"bbb0b2f\" data-element_type=\"widget\" data-e-type=\"widget\" data-widget_type=\"text-editor.default\">\n\t\t\t\t<div class=\"elementor-widget-container\">\n\t\t\t\t\t\t\t\t\t<p>Rusia, 22 de julio (RT).- La<strong> enfermera rusa<\/strong> Nadezhda Zh\u00fakova, que<strong> se hizo famosa<\/strong> tras ir a <strong>trabajar con traje de ba\u00f1o visible<\/strong> bajo su <strong>traje de protecci\u00f3n<\/strong> biol\u00f3gica trasl\u00facido, se ha convertido en presentadora del tiempo en la<strong> televisi\u00f3n local.<\/strong><\/p><p>A partir de este 22 de julio, la joven de 23 a\u00f1os compaginar\u00e1 su trabajo de enfermera con este nuevo proyecto, que desarrollar\u00e1 en los canales <em>Rossiya 1 Tula<\/em> y <em>Rossiya 24 Tula<\/em>.<\/p>\t\t\t\t\t\t\t\t<\/div>\n\t\t\t\t<\/div>\n\t\t\t\t<div class=\"elementor-element elementor-element-e3e2f32 elementor-widget elementor-widget-image\" data-id=\"e3e2f32\" data-element_type=\"widget\" data-e-type=\"widget\" data-widget_type=\"image.default\">\n\t\t\t\t<div class=\"elementor-widget-container\">\n\t\t\t\t\t\t\t\t\t\t\t\t\t\t\t<img fetchpriority=\"high\" decoding=\"async\" width=\"680\" height=\"561\" src=\"https:\/\/lalider.mx\/wp-content\/uploads\/2020\/07\/enfermera-3.jpg\" class=\"attachment-large size-large wp-image-562\" alt=\"\" srcset=\"https:\/\/lalider.mx\/wp-content\/uploads\/2020\/07\/enfermera-3.jpg 680w, https:\/\/lalider.mx\/wp-content\/uploads\/2020\/07\/enfermera-3-300x248.jpg 300w\" sizes=\"(max-width: 680px) 100vw, 680px\" \/>\t\t\t\t\t\t\t\t\t\t\t\t\t\t\t<\/div>\n\t\t\t\t<\/div>\n\t\t\t\t<div class=\"elementor-element elementor-element-24638e5 elementor-widget elementor-widget-text-editor\" data-id=\"24638e5\" data-element_type=\"widget\" data-e-type=\"widget\" data-widget_type=\"text-editor.default\">\n\t\t\t\t<div class=\"elementor-widget-container\">\n\t\t\t\t\t\t\t\t\t<p>Nadezhda \u201cve este experimento como un nuevo desaf\u00edo y una experiencia \u00fatil\u201d, al tiempo que \u201cno cambia su profesi\u00f3n, y se est\u00e1 preparando para convertirse en doctora\u201d, sostiene un reportaje del canal de YouTube Vesti Tula.<\/p><p>La propia Zh\u00fakova tambi\u00e9n confiesa que esta experiencia es nueva e importante para ella, y que toda su familia espera verla esta noche por la televisi\u00f3n.<\/p>\t\t\t\t\t\t\t\t<\/div>\n\t\t\t\t<\/div>\n\t\t\t\t<div class=\"elementor-element elementor-element-c739ab6 elementor-widget elementor-widget-image\" data-id=\"c739ab6\" data-element_type=\"widget\" data-e-type=\"widget\" data-widget_type=\"image.default\">\n\t\t\t\t<div class=\"elementor-widget-container\">\n\t\t\t\t\t\t\t\t\t\t\t\t\t\t\t<img decoding=\"async\" width=\"800\" height=\"422\" src=\"https:\/\/lalider.mx\/wp-content\/uploads\/2020\/07\/enferemera-2-1024x540.jpg\" class=\"attachment-large size-large wp-image-563\" alt=\"\" srcset=\"https:\/\/lalider.mx\/wp-content\/uploads\/2020\/07\/enferemera-2-1024x540.jpg 1024w, https:\/\/lalider.mx\/wp-content\/uploads\/2020\/07\/enferemera-2-300x158.jpg 300w, https:\/\/lalider.mx\/wp-content\/uploads\/2020\/07\/enferemera-2-768x405.jpg 768w, https:\/\/lalider.mx\/wp-content\/uploads\/2020\/07\/enferemera-2.jpg 1100w\" sizes=\"(max-width: 800px) 100vw, 800px\" \/>\t\t\t\t\t\t\t\t\t\t\t\t\t\t\t<\/div>\n\t\t\t\t<\/div>\n\t\t\t\t\t<\/div>\n\t\t<\/div>\n\t\t\t\t\t<\/div>\n\t\t<\/section>\n\t\t\t\t<section class=\"elementor-section elementor-top-section elementor-element elementor-element-df1076e elementor-section-boxed elementor-section-height-default elementor-section-height-default\" data-id=\"df1076e\" data-element_type=\"section\" data-e-type=\"section\">\n\t\t\t\t\t\t<div class=\"elementor-container elementor-column-gap-default\">\n\t\t\t\t\t<div class=\"elementor-column elementor-col-100 elementor-top-column elementor-element elementor-element-c80ec91\" data-id=\"c80ec91\" data-element_type=\"column\" data-e-type=\"column\">\n\t\t\t<div class=\"elementor-widget-wrap elementor-element-populated\">\n\t\t\t\t\t\t<div class=\"elementor-element elementor-element-81778eb elementor-widget elementor-widget-text-editor\" data-id=\"81778eb\" data-element_type=\"widget\" data-e-type=\"widget\" data-widget_type=\"text-editor.default\">\n\t\t\t\t<div class=\"elementor-widget-container\">\n\t\t\t\t\t\t\t\t\t<p>Zh\u00fakova trabaja en un hospital de enfermedades infecciosas de la ciudad de Tula, donde atiende a pacientes diagnosticados con COVID-19.<\/p><p>En mayo de este a\u00f1o, luego de que se viralizaran las im\u00e1genes de su atuendo, esgrimi\u00f3 que el traje de pl\u00e1stico era demasiado caluroso. Sin embargo, sus palabras no convencieron a sus superiores y recibi\u00f3 una reprimenda.<\/p>\t\t\t\t\t\t\t\t<\/div>\n\t\t\t\t<\/div>\n\t\t\t\t<div class=\"elementor-element elementor-element-42c94f3 elementor-widget elementor-widget-image\" data-id=\"42c94f3\" data-element_type=\"widget\" data-e-type=\"widget\" data-widget_type=\"image.default\">\n\t\t\t\t<div class=\"elementor-widget-container\">\n\t\t\t\t\t\t\t\t\t\t\t\t\t\t\t<img decoding=\"async\" width=\"800\" height=\"422\" src=\"https:\/\/lalider.mx\/wp-content\/uploads\/2020\/07\/enfermera-1-1024x540.jpg\" class=\"attachment-large size-large wp-image-564\" alt=\"\" srcset=\"https:\/\/lalider.mx\/wp-content\/uploads\/2020\/07\/enfermera-1-1024x540.jpg 1024w, https:\/\/lalider.mx\/wp-content\/uploads\/2020\/07\/enfermera-1-300x158.jpg 300w, https:\/\/lalider.mx\/wp-content\/uploads\/2020\/07\/enfermera-1-768x405.jpg 768w, https:\/\/lalider.mx\/wp-content\/uploads\/2020\/07\/enfermera-1.jpg 1100w\" sizes=\"(max-width: 800px) 100vw, 800px\" \/>\t\t\t\t\t\t\t\t\t\t\t\t\t\t\t<\/div>\n\t\t\t\t<\/div>\n\t\t\t\t<div class=\"elementor-element elementor-element-90c1010 elementor-widget elementor-widget-text-editor\" data-id=\"90c1010\" data-element_type=\"widget\" data-e-type=\"widget\" data-widget_type=\"text-editor.default\">\n\t\t\t\t<div class=\"elementor-widget-container\">\n\t\t\t\t\t\t\t\t\t<p>Tras la gran repercusi\u00f3n medi\u00e1tica de la foto, recibi\u00f3 el apoyo del gobernador de la regi\u00f3n de Tula y de numerosas mujeres de todo el pa\u00eds, que se solidarizaron con ella publicando sus propias fotos luciendo atuendos similares.<br \/>Su historia tambi\u00e9n llam\u00f3 la atenci\u00f3n de Anastasia Zad\u00f3rina, la fundadora de Zasport, la marca de ropa que viste al equipo ol\u00edmpico del pa\u00eds, que le ofreci\u00f3 a Zh\u00fakova un contrato de cooperaci\u00f3n.<\/p>\t\t\t\t\t\t\t\t<\/div>\n\t\t\t\t<\/div>\n\t\t\t\t<div class=\"elementor-element elementor-element-ae77de5 elementor-widget elementor-widget-text-editor\" data-id=\"ae77de5\" data-element_type=\"widget\" data-e-type=\"widget\" data-widget_type=\"text-editor.default\">\n\t\t\t\t<div class=\"elementor-widget-container\">\n\t\t\t\t\t\t\t\t\t<p><strong>Fuente: <\/strong>https:\/\/www.sinembargo.mx\/22-07-2020\/3828313<strong><br \/><\/strong><\/p>\t\t\t\t\t\t\t\t<\/div>\n\t\t\t\t<\/div>\n\t\t\t\t\t<\/div>\n\t\t<\/div>\n\t\t\t\t\t<\/div>\n\t\t<\/section>\n\t\t\t\t<\/div>\n\t\t","protected":false},"excerpt":{"rendered":"<p>Rusia, 22 de julio (RT).- La enfermera rusa Nadezhda Zh\u00fakova, que se hizo famosa tras ir a trabajar con traje de ba\u00f1o visible bajo su traje de protecci\u00f3n biol\u00f3gica trasl\u00facido, se ha convertido en presentadora del tiempo en la televisi\u00f3n local. A partir de este 22 de julio, la joven de 23 a\u00f1os compaginar\u00e1 su [&hellip;]<\/p>\n","protected":false},"author":2,"featured_media":561,"comment_status":"open","ping_status":"closed","sticky":false,"template":"","format":"standard","meta":{"footnotes":""},"categories":[1],"tags":[],"class_list":["post-559","post","type-post","status-publish","format-standard","has-post-thumbnail","hentry","category-noticias"],"_links":{"self":[{"href":"https:\/\/lalider.mx\/index.php\/wp-json\/wp\/v2\/posts\/559","targetHints":{"allow":["GET"]}}],"collection":[{"href":"https:\/\/lalider.mx\/index.php\/wp-json\/wp\/v2\/posts"}],"about":[{"href":"https:\/\/lalider.mx\/index.php\/wp-json\/wp\/v2\/types\/post"}],"author":[{"embeddable":true,"href":"https:\/\/lalider.mx\/index.php\/wp-json\/wp\/v2\/users\/2"}],"replies":[{"embeddable":true,"href":"https:\/\/lalider.mx\/index.php\/wp-json\/wp\/v2\/comments?post=559"}],"version-history":[{"count":2,"href":"https:\/\/lalider.mx\/index.php\/wp-json\/wp\/v2\/posts\/559\/revisions"}],"predecessor-version":[{"id":565,"href":"https:\/\/lalider.mx\/index.php\/wp-json\/wp\/v2\/posts\/559\/revisions\/565"}],"wp:featuredmedia":[{"embeddable":true,"href":"https:\/\/lalider.mx\/index.php\/wp-json\/wp\/v2\/media\/561"}],"wp:attachment":[{"href":"https:\/\/lalider.mx\/index.php\/wp-json\/wp\/v2\/media?parent=559"}],"wp:term":[{"taxonomy":"category","embeddable":true,"href":"https:\/\/lalider.mx\/index.php\/wp-json\/wp\/v2\/categories?post=559"},{"taxonomy":"post_tag","embeddable":true,"href":"https:\/\/lalider.mx\/index.php\/wp-json\/wp\/v2\/tags?post=559"}],"curies":[{"name":"wp","href":"https:\/\/api.w.org\/{rel}","templated":true}]}}