{"id":528,"date":"2020-07-22T20:57:49","date_gmt":"2020-07-22T20:57:49","guid":{"rendered":"https:\/\/lalider.mx\/?p=528"},"modified":"2020-07-22T20:58:06","modified_gmt":"2020-07-22T20:58:06","slug":"festival-cervantino-2020-el-festival-de-guanajuato-sera-virtual-como-verlo-online","status":"publish","type":"post","link":"https:\/\/lalider.mx\/index.php\/2020\/07\/22\/festival-cervantino-2020-el-festival-de-guanajuato-sera-virtual-como-verlo-online\/","title":{"rendered":"Festival Cervantino 2020: El festival de Guanajuato ser\u00e1 virtual \u00bfC\u00f3mo verlo Online?"},"content":{"rendered":"\t\t<div data-elementor-type=\"wp-post\" data-elementor-id=\"528\" class=\"elementor elementor-528\" data-elementor-post-type=\"post\">\n\t\t\t\t\t\t<section class=\"elementor-section elementor-top-section elementor-element elementor-element-e7fd06f elementor-section-boxed elementor-section-height-default elementor-section-height-default\" data-id=\"e7fd06f\" data-element_type=\"section\" data-e-type=\"section\">\n\t\t\t\t\t\t<div class=\"elementor-container elementor-column-gap-default\">\n\t\t\t\t\t<div class=\"elementor-column elementor-col-100 elementor-top-column elementor-element elementor-element-9773913\" data-id=\"9773913\" data-element_type=\"column\" data-e-type=\"column\">\n\t\t\t<div class=\"elementor-widget-wrap elementor-element-populated\">\n\t\t\t\t\t\t<div class=\"elementor-element elementor-element-238b06b elementor-widget elementor-widget-text-editor\" data-id=\"238b06b\" data-element_type=\"widget\" data-e-type=\"widget\" data-widget_type=\"text-editor.default\">\n\t\t\t\t<div class=\"elementor-widget-container\">\n\t\t\t\t\t\t\t\t\t<p>Debido a la contingencia que se vive en M\u00e9xico ante la pandemia por el coronavirus Covid-19, <strong>la Secretar\u00eda de Cultura y organizadores del Festival Internacional Cervantino decidieron que la edici\u00f3n 48 no se llevar\u00e1 a cabo con publico en Guanajuato y todo el evento ser\u00e1 realizado de forma digital.<\/strong><\/p><p>&#8220;Atendiendo a las medidas de la autoridad sanitaria y bajo la premisa de privilegiar la vida y la salud de las personas, el Comit\u00e9 Organizador del Festival Internacional Cervantino (COFIC) acord\u00f3, <strong>por decisi\u00f3n un\u00e1nime, que la edici\u00f3n 48 del FIC se realizar\u00e1 en formato digital, para proteger la integridad del p\u00fablico, de los artistas y colaboradores<\/strong>&#8220;, informa el comunicado.<\/p><p><strong>Mariana Aymerich Ordo\u00f1ez, directora general del Festival Internacional Cervantino, expres\u00f3 que &#8220;la pandemia vivida a escala global abri\u00f3 nuevas oportunidades para explorar formatos adaptados a nuestra realidad<\/strong>; no s\u00f3lo trasladar las expresiones culturales a la pantalla, sino ajustar los recursos digitales a las necesidades de las expresiones art\u00edsticas y sus creadores&#8221;.<\/p><p>En tanto, <strong>Alejandra Frausto, secretaria de Cultura, apunt\u00f3 que esta medida se tom\u00f3 con el fin de evitar el ser un punto de riesgo,<\/strong> las autoridades y participantes acordaron realizar el FIC, en Guanajuato, a trav\u00e9s de plataformas en l\u00ednea, pues por la condici\u00f3n en la que se encontraban los recintos donde se realizar\u00eda, y la cantidad de p\u00fablico que se esperaba, no ser\u00eda pertinente realizar el festival.<\/p>\t\t\t\t\t\t\t\t<\/div>\n\t\t\t\t<\/div>\n\t\t\t\t<div class=\"elementor-element elementor-element-661684a elementor-widget elementor-widget-image\" data-id=\"661684a\" data-element_type=\"widget\" data-e-type=\"widget\" data-widget_type=\"image.default\">\n\t\t\t\t<div class=\"elementor-widget-container\">\n\t\t\t\t\t\t\t\t\t\t\t\t\t\t\t<img fetchpriority=\"high\" decoding=\"async\" width=\"679\" height=\"355\" src=\"https:\/\/lalider.mx\/wp-content\/uploads\/2020\/07\/festival-2.jpg\" class=\"attachment-large size-large wp-image-531\" alt=\"\" srcset=\"https:\/\/lalider.mx\/wp-content\/uploads\/2020\/07\/festival-2.jpg 679w, https:\/\/lalider.mx\/wp-content\/uploads\/2020\/07\/festival-2-300x157.jpg 300w\" sizes=\"(max-width: 679px) 100vw, 679px\" \/>\t\t\t\t\t\t\t\t\t\t\t\t\t\t\t<\/div>\n\t\t\t\t<\/div>\n\t\t\t\t<div class=\"elementor-element elementor-element-0068920 elementor-widget elementor-widget-text-editor\" data-id=\"0068920\" data-element_type=\"widget\" data-e-type=\"widget\" data-widget_type=\"text-editor.default\">\n\t\t\t\t<div class=\"elementor-widget-container\">\n\t\t\t\t\t\t\t\t\t<h3>Fechas del Festiva Internacional Cervantino 2020<\/h3><p><strong>El Festival Internacional Cervantino se llevar\u00e1 a cabo del 14 al 18 de octubre. Durante cinco d\u00edas, el p\u00fablico podr\u00e1 disfrutar de presentaciones art\u00edsticas en formatos digitales,<\/strong> as\u00ed como conferencias, talleres y clases magistrales con la calidad que siempre ha caracterizado a esta celebraci\u00f3n cultural.<\/p><p><strong>Inicialmente se ten\u00eda previsto que el festival se desarrollara del 14 de octubre al 1 de noviembre,<\/strong> sin embargo, ante la pandemia por coronavirus y al llegar a la decisi\u00f3n de cancelar de forma presencial el mismo, se tom\u00f3 la medida de acortarlo y cambiar las fechas.<\/p><h3>Cu\u00e1ndo y c\u00f3mo verlo en vivo por Internet<\/h3><p><strong>Cuba y Coahuila, invitados de honor<\/strong> propuestos para esta edici\u00f3n, ser\u00e1n parte de este encuentro hasta la edici\u00f3n 49, ocasi\u00f3n en la que ambos ofrecer\u00e1n una oferta cultural representativa de su regi\u00f3n.<\/p><p>De acuerdo a lo suscrito por la Secretar\u00eda de Cultura en el convenio de colaboraci\u00f3n institucional firmado en 2019 con el Sistema P\u00fablico de Radiodifusi\u00f3n del Estado Mexicano, <strong>el Festival Internacional Cervantino se podr\u00e1 ver en televisi\u00f3n abierta a trav\u00e9s de la Direcci\u00f3n de Canal 14, Canal Once, Canal 22 y la Unidad de Televisi\u00f3n de Guanajuato (Tv4); en redes sociales, internet y plataformas digitales de los medios p\u00fablicos federales y locales.<\/strong><\/p><p>Tambi\u00e9n se podr\u00e1 acceder desde cualquier parte del mundo a todos los contenidos alojados en el sitio web del Festival Cervantino, la aplicaci\u00f3n m\u00f3vil y la plataforma Contigo en la Distancia de la Secretar\u00eda de Cultura.<\/p><p><strong>La programaci\u00f3n del 48 FIC estar\u00e1 disponible pr\u00f3ximamente en el sitio web y redes sociales.<\/strong><\/p><p>\u00a0<\/p>\t\t\t\t\t\t\t\t<\/div>\n\t\t\t\t<\/div>\n\t\t\t\t<div class=\"elementor-element elementor-element-e5ff1f6 elementor-widget elementor-widget-image\" data-id=\"e5ff1f6\" data-element_type=\"widget\" data-e-type=\"widget\" data-widget_type=\"image.default\">\n\t\t\t\t<div class=\"elementor-widget-container\">\n\t\t\t\t\t\t\t\t\t\t\t\t\t\t\t<img decoding=\"async\" width=\"800\" height=\"291\" src=\"https:\/\/lalider.mx\/wp-content\/uploads\/2020\/07\/festival-3-1024x373.jpg\" class=\"attachment-large size-large wp-image-532\" alt=\"\" srcset=\"https:\/\/lalider.mx\/wp-content\/uploads\/2020\/07\/festival-3-1024x373.jpg 1024w, https:\/\/lalider.mx\/wp-content\/uploads\/2020\/07\/festival-3-300x109.jpg 300w, https:\/\/lalider.mx\/wp-content\/uploads\/2020\/07\/festival-3-768x280.jpg 768w, https:\/\/lalider.mx\/wp-content\/uploads\/2020\/07\/festival-3.jpg 1215w\" sizes=\"(max-width: 800px) 100vw, 800px\" \/>\t\t\t\t\t\t\t\t\t\t\t\t\t\t\t<\/div>\n\t\t\t\t<\/div>\n\t\t\t\t<div class=\"elementor-element elementor-element-0ea15f4 elementor-widget elementor-widget-text-editor\" data-id=\"0ea15f4\" data-element_type=\"widget\" data-e-type=\"widget\" data-widget_type=\"text-editor.default\">\n\t\t\t\t<div class=\"elementor-widget-container\">\n\t\t\t\t\t\t\t\t\t<p>Fuente: https:\/\/www.marca.com\/claro-mx\/trending\/coronavirus\/2020\/07\/22\/5f187cdd268e3ea20f8b45c9.html<\/p>\t\t\t\t\t\t\t\t<\/div>\n\t\t\t\t<\/div>\n\t\t\t\t\t<\/div>\n\t\t<\/div>\n\t\t\t\t\t<\/div>\n\t\t<\/section>\n\t\t\t\t<\/div>\n\t\t","protected":false},"excerpt":{"rendered":"<p>Debido a la contingencia que se vive en M\u00e9xico ante la pandemia por el coronavirus Covid-19, la Secretar\u00eda de Cultura y organizadores del Festival Internacional Cervantino decidieron que la edici\u00f3n 48 no se llevar\u00e1 a cabo con publico en Guanajuato y todo el evento ser\u00e1 realizado de forma digital. &#8220;Atendiendo a las medidas de la [&hellip;]<\/p>\n","protected":false},"author":2,"featured_media":529,"comment_status":"open","ping_status":"closed","sticky":false,"template":"","format":"standard","meta":{"footnotes":""},"categories":[1],"tags":[],"class_list":["post-528","post","type-post","status-publish","format-standard","has-post-thumbnail","hentry","category-noticias"],"_links":{"self":[{"href":"https:\/\/lalider.mx\/index.php\/wp-json\/wp\/v2\/posts\/528","targetHints":{"allow":["GET"]}}],"collection":[{"href":"https:\/\/lalider.mx\/index.php\/wp-json\/wp\/v2\/posts"}],"about":[{"href":"https:\/\/lalider.mx\/index.php\/wp-json\/wp\/v2\/types\/post"}],"author":[{"embeddable":true,"href":"https:\/\/lalider.mx\/index.php\/wp-json\/wp\/v2\/users\/2"}],"replies":[{"embeddable":true,"href":"https:\/\/lalider.mx\/index.php\/wp-json\/wp\/v2\/comments?post=528"}],"version-history":[{"count":2,"href":"https:\/\/lalider.mx\/index.php\/wp-json\/wp\/v2\/posts\/528\/revisions"}],"predecessor-version":[{"id":533,"href":"https:\/\/lalider.mx\/index.php\/wp-json\/wp\/v2\/posts\/528\/revisions\/533"}],"wp:featuredmedia":[{"embeddable":true,"href":"https:\/\/lalider.mx\/index.php\/wp-json\/wp\/v2\/media\/529"}],"wp:attachment":[{"href":"https:\/\/lalider.mx\/index.php\/wp-json\/wp\/v2\/media?parent=528"}],"wp:term":[{"taxonomy":"category","embeddable":true,"href":"https:\/\/lalider.mx\/index.php\/wp-json\/wp\/v2\/categories?post=528"},{"taxonomy":"post_tag","embeddable":true,"href":"https:\/\/lalider.mx\/index.php\/wp-json\/wp\/v2\/tags?post=528"}],"curies":[{"name":"wp","href":"https:\/\/api.w.org\/{rel}","templated":true}]}}