{"id":426,"date":"2020-07-17T22:32:25","date_gmt":"2020-07-17T22:32:25","guid":{"rendered":"https:\/\/lalider.mx\/?p=426"},"modified":"2020-07-17T22:39:47","modified_gmt":"2020-07-17T22:39:47","slug":"ana-barbara-presume-anillo-de-compromiso-hoy-les-comparto-mi-alegria-mi-corazon-me-dice-si","status":"publish","type":"post","link":"https:\/\/lalider.mx\/index.php\/2020\/07\/17\/ana-barbara-presume-anillo-de-compromiso-hoy-les-comparto-mi-alegria-mi-corazon-me-dice-si\/","title":{"rendered":"Ana B\u00e1rbara presume anillo de compromiso: &#8220;Hoy les comparto mi alegr\u00eda mi coraz\u00f3n me dice s\u00ed&#8221;"},"content":{"rendered":"\t\t<div data-elementor-type=\"wp-post\" data-elementor-id=\"426\" class=\"elementor elementor-426\" data-elementor-post-type=\"post\">\n\t\t\t\t\t\t<section class=\"elementor-section elementor-top-section elementor-element elementor-element-d6a9135 elementor-section-boxed elementor-section-height-default elementor-section-height-default\" data-id=\"d6a9135\" data-element_type=\"section\" data-e-type=\"section\">\n\t\t\t\t\t\t<div class=\"elementor-container elementor-column-gap-default\">\n\t\t\t\t\t<div class=\"elementor-column elementor-col-100 elementor-top-column elementor-element elementor-element-6735442\" data-id=\"6735442\" data-element_type=\"column\" data-e-type=\"column\">\n\t\t\t<div class=\"elementor-widget-wrap elementor-element-populated\">\n\t\t\t\t\t\t<div class=\"elementor-element elementor-element-28af933 elementor-widget elementor-widget-text-editor\" data-id=\"28af933\" data-element_type=\"widget\" data-e-type=\"widget\" data-widget_type=\"text-editor.default\">\n\t\t\t\t<div class=\"elementor-widget-container\">\n\t\t\t\t\t\t\t\t\t<p>CIUDAD DE M\u00c9XICO, julio 17 (EL UNIVERSAL).-\u00a0<strong>Ana B\u00e1rbara<\/strong>\u00a0alista boda, la cantante de 49 a\u00f1os le dio el &#8220;s\u00ed&#8221; a su novio \u00c1ngel Mu\u00f1oz, y a trav\u00e9s de sus redes sociales presumi\u00f3 el anillo de compromiso.<\/p><p>Tras seis a\u00f1os de noviazgo, la int\u00e9rprete y\u00a0<strong>\u00c1ngel Mu\u00f1oz<\/strong>, un empleado del gobierno de Estados Unidos, dar\u00e1n el siguiente paso en su relaci\u00f3n, as\u00ed lo dio a conocer la artista con una fotograf\u00eda en la que con una gran sonrisa muestra su anillo.<\/p><p><strong>&#8220;Dije que sii!!!!. Pedazos de mi Alma, as\u00ed como han estado conmigo en mis tristezas, hoy les comparto mi alegr\u00eda MI CORAZ\u00d3N ME DICE SI&#8221;<\/strong>.<\/p><p><strong>Ana B\u00e1rbara, que es 15 a\u00f1os mayor que \u00c1ngel<\/strong>, ha contado anteriormente que su pareja prefiere la discreci\u00f3n, por lo que es raro que ambos posen juntos en redes sociales, sin embargo, el pasado 14 de febrero la cantante le dedic\u00f3 un rom\u00e1ntico mensaje donde se muestra agradecida por tenerlo en su vida.<\/p><p>&#8220;Aunque desde muy ni\u00f1a cre\u00ed en los \u00e1ngeles siempre desee toparme con uno que se convirtiera en un ANGEL GUARDIAN en mi vida, y no s\u00f3lo de nombre, si no para acompa\u00f1arme en buenos y otros no tan buenos momentos d\u00eda a d\u00eda, y aunque s\u00e9 que eres pro discreci\u00f3n, hoy que se celebra por lo alto la amistad y el amor, te quiero dedicar &#8220;mi coraz\u00f3n&#8221; que dice si! Te amo y gracias por ser un \u00c1ngel en toda la extensi\u00f3n de la palabra PARA SIEMPRE y para toooooodos est\u00e1s presente!!&#8221;, se lee.<\/p><p>Ana B\u00e1rbara tiene tres hijos, su primog\u00e9nito Emiliano Gallardo Ugalde es hijo de Edgar Gallardo, el padre de Jos\u00e9 Mar\u00eda Fern\u00e1ndez Ugalde es Jos\u00e9 Mar\u00eda Fern\u00e1ndez &#8220;El Pirru&#8221;, quien fuera esposo de la fallecida actriz Mariana Levy, y el menor, Jer\u00f3nimo Barba Ugalde, es hijo del cantante Reyli Barba.<\/p><h3>Recibe felicitaciones de todos sus hijos<\/h3><p>La cantante fue duramente criticada cuando contrajo nupcias con Jos\u00e9 Mar\u00eda Fern\u00e1ndez \u201cEl Pirru\u201d, demostr\u00f3 a lo largo de los a\u00f1os su dedicaci\u00f3n a todos sus hijos, misma que se ve recompensada con el amor que ahora todos los jovencitos le tienen a Ana B\u00e1rbara.<\/p><p>Adem\u00e1s de las felicitaciones que ha recibido por parte de sus compa\u00f1eros artistas, caben destacar los mensajes de los ni\u00f1os que ella ayud\u00f3 a criar:<\/p><p>\u201cFelicidades \u00c1ngel y Mayte! Les mando todas las bendiciones y les deseo lo m\u00e1s bonito de la existencia qu\u00e9 suertudos, qu\u00e9 emoci\u00f3n! Te amo Mayte\u201d, escribi\u00f3 Mar\u00eda Levy, la primog\u00e9nita de Mariana Levy.<\/p>\t\t\t\t\t\t\t\t<\/div>\n\t\t\t\t<\/div>\n\t\t\t\t<div class=\"elementor-element elementor-element-c7f80f8 elementor-widget elementor-widget-text-editor\" data-id=\"c7f80f8\" data-element_type=\"widget\" data-e-type=\"widget\" data-widget_type=\"text-editor.default\">\n\t\t\t\t<div class=\"elementor-widget-container\">\n\t\t\t\t\t\t\t\t\t<p>Fuente: https:\/\/espanol.yahoo.com\/noticias\/ana-b%C3%A1rbara-presume-anillo-compromiso-085627803.html<\/p>\t\t\t\t\t\t\t\t<\/div>\n\t\t\t\t<\/div>\n\t\t\t\t\t<\/div>\n\t\t<\/div>\n\t\t\t\t\t<\/div>\n\t\t<\/section>\n\t\t\t\t<\/div>\n\t\t","protected":false},"excerpt":{"rendered":"<p>CIUDAD DE M\u00c9XICO, julio 17 (EL UNIVERSAL).-\u00a0Ana B\u00e1rbara\u00a0alista boda, la cantante de 49 a\u00f1os le dio el &#8220;s\u00ed&#8221; a su novio \u00c1ngel Mu\u00f1oz, y a trav\u00e9s de sus redes sociales presumi\u00f3 el anillo de compromiso. Tras seis a\u00f1os de noviazgo, la int\u00e9rprete y\u00a0\u00c1ngel Mu\u00f1oz, un empleado del gobierno de Estados Unidos, dar\u00e1n el siguiente paso [&hellip;]<\/p>\n","protected":false},"author":2,"featured_media":431,"comment_status":"open","ping_status":"closed","sticky":false,"template":"","format":"standard","meta":{"footnotes":""},"categories":[1],"tags":[],"class_list":["post-426","post","type-post","status-publish","format-standard","has-post-thumbnail","hentry","category-noticias"],"_links":{"self":[{"href":"https:\/\/lalider.mx\/index.php\/wp-json\/wp\/v2\/posts\/426","targetHints":{"allow":["GET"]}}],"collection":[{"href":"https:\/\/lalider.mx\/index.php\/wp-json\/wp\/v2\/posts"}],"about":[{"href":"https:\/\/lalider.mx\/index.php\/wp-json\/wp\/v2\/types\/post"}],"author":[{"embeddable":true,"href":"https:\/\/lalider.mx\/index.php\/wp-json\/wp\/v2\/users\/2"}],"replies":[{"embeddable":true,"href":"https:\/\/lalider.mx\/index.php\/wp-json\/wp\/v2\/comments?post=426"}],"version-history":[{"count":5,"href":"https:\/\/lalider.mx\/index.php\/wp-json\/wp\/v2\/posts\/426\/revisions"}],"predecessor-version":[{"id":434,"href":"https:\/\/lalider.mx\/index.php\/wp-json\/wp\/v2\/posts\/426\/revisions\/434"}],"wp:featuredmedia":[{"embeddable":true,"href":"https:\/\/lalider.mx\/index.php\/wp-json\/wp\/v2\/media\/431"}],"wp:attachment":[{"href":"https:\/\/lalider.mx\/index.php\/wp-json\/wp\/v2\/media?parent=426"}],"wp:term":[{"taxonomy":"category","embeddable":true,"href":"https:\/\/lalider.mx\/index.php\/wp-json\/wp\/v2\/categories?post=426"},{"taxonomy":"post_tag","embeddable":true,"href":"https:\/\/lalider.mx\/index.php\/wp-json\/wp\/v2\/tags?post=426"}],"curies":[{"name":"wp","href":"https:\/\/api.w.org\/{rel}","templated":true}]}}