{"id":1657,"date":"2021-06-10T11:50:33","date_gmt":"2021-06-10T16:50:33","guid":{"rendered":"https:\/\/lalider.mx\/?p=1657"},"modified":"2021-06-10T11:50:35","modified_gmt":"2021-06-10T16:50:35","slug":"emma-coronel-aispuro-esposa-de-joaquinel-chapo-guzman-se-declara-culpable-de-cargos-de-narcotrafico-ante-una-corte-federal-en-washington","status":"publish","type":"post","link":"https:\/\/lalider.mx\/index.php\/2021\/06\/10\/emma-coronel-aispuro-esposa-de-joaquinel-chapo-guzman-se-declara-culpable-de-cargos-de-narcotrafico-ante-una-corte-federal-en-washington\/","title":{"rendered":"Emma Coronel Aispuro, esposa de Joaqu\u00edn&#8221;El Chapo &#8221; Guzm\u00e1n, se declara culpable de cargos de narcotr\u00e1fico ante una corte federal en Washington."},"content":{"rendered":"\n<figure class=\"wp-block-image size-large\"><img fetchpriority=\"high\" decoding=\"async\" width=\"640\" height=\"360\" src=\"https:\/\/lalider.mx\/wp-content\/uploads\/2021\/06\/emma-cor.jpg\" alt=\"\" class=\"wp-image-1658\" srcset=\"https:\/\/lalider.mx\/wp-content\/uploads\/2021\/06\/emma-cor.jpg 640w, https:\/\/lalider.mx\/wp-content\/uploads\/2021\/06\/emma-cor-300x169.jpg 300w\" sizes=\"(max-width: 640px) 100vw, 640px\" \/><\/figure>\n\n\n\n<figure class=\"wp-block-image size-large\"><img decoding=\"async\" width=\"797\" height=\"599\" src=\"https:\/\/lalider.mx\/wp-content\/uploads\/2021\/06\/emma.png\" alt=\"\" class=\"wp-image-1659\" srcset=\"https:\/\/lalider.mx\/wp-content\/uploads\/2021\/06\/emma.png 797w, https:\/\/lalider.mx\/wp-content\/uploads\/2021\/06\/emma-300x225.png 300w, https:\/\/lalider.mx\/wp-content\/uploads\/2021\/06\/emma-768x577.png 768w\" sizes=\"(max-width: 797px) 100vw, 797px\" \/><\/figure>\n\n\n\n<p>Juez en EE.UU. acepta culpabilidad de Emma Coronel; sentencia se dictar\u00e1 en septiembre.<\/p>\n\n\n\n<figure class=\"wp-block-image size-large\"><img decoding=\"async\" width=\"800\" height=\"600\" src=\"https:\/\/lalider.mx\/wp-content\/uploads\/2021\/06\/emma-c.jpg\" alt=\"\" class=\"wp-image-1660\" srcset=\"https:\/\/lalider.mx\/wp-content\/uploads\/2021\/06\/emma-c.jpg 800w, https:\/\/lalider.mx\/wp-content\/uploads\/2021\/06\/emma-c-300x225.jpg 300w, https:\/\/lalider.mx\/wp-content\/uploads\/2021\/06\/emma-c-768x576.jpg 768w\" sizes=\"(max-width: 800px) 100vw, 800px\" \/><\/figure>\n\n\n\n<p>se\u00f1alada de ayudar al exl\u00edder del C\u00e1rtel de Sinaloa en el <strong>tr\u00e1fico de drogas<\/strong>.<\/p>\n\n\n\n<p>Coronel Aispuro se present\u00f3 ante el <strong>juez Rudolph Contreras<\/strong> quien le inform\u00f3 que su audiencia era para declararse culpable por tres cargos.<\/p>\n\n\n\n<figure class=\"wp-block-image size-large\"><img loading=\"lazy\" decoding=\"async\" width=\"958\" height=\"596\" src=\"https:\/\/lalider.mx\/wp-content\/uploads\/2021\/06\/cd.jpg\" alt=\"\" class=\"wp-image-1661\" srcset=\"https:\/\/lalider.mx\/wp-content\/uploads\/2021\/06\/cd.jpg 958w, https:\/\/lalider.mx\/wp-content\/uploads\/2021\/06\/cd-300x187.jpg 300w, https:\/\/lalider.mx\/wp-content\/uploads\/2021\/06\/cd-768x478.jpg 768w\" sizes=\"(max-width: 958px) 100vw, 958px\" \/><\/figure>\n\n\n\n<p>Fue detenida por la distribuci\u00f3n e importaci\u00f3n de <strong>coca\u00edna<\/strong>, <strong>hero\u00edna<\/strong>, <strong>mariguana<\/strong> y <strong>metanfetaminas<\/strong>; conspiraci\u00f3n para el <strong>lavado de instrumentos monetarios,<\/strong> transacciones y manejos de propiedades de un extranjero designado como narcotraficante.<\/p>\n\n\n\n<figure class=\"wp-block-image size-large\"><img loading=\"lazy\" decoding=\"async\" width=\"1024\" height=\"774\" src=\"https:\/\/lalider.mx\/wp-content\/uploads\/2021\/06\/emma-coronel-habria-coordinado-fuga-1024x774.jpeg\" alt=\"\" class=\"wp-image-1662\" srcset=\"https:\/\/lalider.mx\/wp-content\/uploads\/2021\/06\/emma-coronel-habria-coordinado-fuga-1024x774.jpeg 1024w, https:\/\/lalider.mx\/wp-content\/uploads\/2021\/06\/emma-coronel-habria-coordinado-fuga-300x227.jpeg 300w, https:\/\/lalider.mx\/wp-content\/uploads\/2021\/06\/emma-coronel-habria-coordinado-fuga-768x580.jpeg 768w, https:\/\/lalider.mx\/wp-content\/uploads\/2021\/06\/emma-coronel-habria-coordinado-fuga.jpeg 1200w\" sizes=\"(max-width: 1024px) 100vw, 1024px\" \/><\/figure>\n\n\n\n<p>Al declararse culpable, <strong>Emma Coronel<\/strong> renuncia a ir a juicio y al derecho de presentar apelaciones.<\/p>\n\n\n\n<p>La mujer de 31 a\u00f1os se mantendr\u00e1 bajo custodia de las autoridades mientras que su audiencia de sentencia est\u00e1 programada para el 15 de septiembre pr\u00f3ximo.<\/p>\n\n\n\n<figure class=\"wp-block-image size-large\"><img loading=\"lazy\" decoding=\"async\" width=\"713\" height=\"917\" src=\"https:\/\/lalider.mx\/wp-content\/uploads\/2021\/06\/kj.png\" alt=\"\" class=\"wp-image-1663\" srcset=\"https:\/\/lalider.mx\/wp-content\/uploads\/2021\/06\/kj.png 713w, https:\/\/lalider.mx\/wp-content\/uploads\/2021\/06\/kj-233x300.png 233w\" sizes=\"(max-width: 713px) 100vw, 713px\" \/><\/figure>\n","protected":false},"excerpt":{"rendered":"<p>Juez en EE.UU. acepta culpabilidad de Emma Coronel; sentencia se dictar\u00e1 en septiembre. se\u00f1alada de ayudar al exl\u00edder del C\u00e1rtel de Sinaloa en el tr\u00e1fico de drogas. Coronel Aispuro se present\u00f3 ante el juez Rudolph Contreras quien le inform\u00f3 que su audiencia era para declararse culpable por tres cargos. Fue detenida por la distribuci\u00f3n e [&hellip;]<\/p>\n","protected":false},"author":7,"featured_media":1659,"comment_status":"open","ping_status":"closed","sticky":false,"template":"","format":"standard","meta":{"footnotes":""},"categories":[1],"tags":[],"class_list":["post-1657","post","type-post","status-publish","format-standard","has-post-thumbnail","hentry","category-noticias"],"_links":{"self":[{"href":"https:\/\/lalider.mx\/index.php\/wp-json\/wp\/v2\/posts\/1657","targetHints":{"allow":["GET"]}}],"collection":[{"href":"https:\/\/lalider.mx\/index.php\/wp-json\/wp\/v2\/posts"}],"about":[{"href":"https:\/\/lalider.mx\/index.php\/wp-json\/wp\/v2\/types\/post"}],"author":[{"embeddable":true,"href":"https:\/\/lalider.mx\/index.php\/wp-json\/wp\/v2\/users\/7"}],"replies":[{"embeddable":true,"href":"https:\/\/lalider.mx\/index.php\/wp-json\/wp\/v2\/comments?post=1657"}],"version-history":[{"count":1,"href":"https:\/\/lalider.mx\/index.php\/wp-json\/wp\/v2\/posts\/1657\/revisions"}],"predecessor-version":[{"id":1664,"href":"https:\/\/lalider.mx\/index.php\/wp-json\/wp\/v2\/posts\/1657\/revisions\/1664"}],"wp:featuredmedia":[{"embeddable":true,"href":"https:\/\/lalider.mx\/index.php\/wp-json\/wp\/v2\/media\/1659"}],"wp:attachment":[{"href":"https:\/\/lalider.mx\/index.php\/wp-json\/wp\/v2\/media?parent=1657"}],"wp:term":[{"taxonomy":"category","embeddable":true,"href":"https:\/\/lalider.mx\/index.php\/wp-json\/wp\/v2\/categories?post=1657"},{"taxonomy":"post_tag","embeddable":true,"href":"https:\/\/lalider.mx\/index.php\/wp-json\/wp\/v2\/tags?post=1657"}],"curies":[{"name":"wp","href":"https:\/\/api.w.org\/{rel}","templated":true}]}}