{"id":1599,"date":"2021-05-11T13:39:01","date_gmt":"2021-05-11T18:39:01","guid":{"rendered":"https:\/\/lalider.mx\/?p=1599"},"modified":"2021-05-11T13:42:30","modified_gmt":"2021-05-11T18:42:30","slug":"dinamica-10-de-mayo","status":"publish","type":"post","link":"https:\/\/lalider.mx\/index.php\/2021\/05\/11\/dinamica-10-de-mayo\/","title":{"rendered":"Din\u00e1mica: 10 de Mayo"},"content":{"rendered":"\n<figure class=\"wp-block-image size-large\"><img fetchpriority=\"high\" decoding=\"async\" width=\"1024\" height=\"576\" src=\"https:\/\/lalider.mx\/wp-content\/uploads\/2021\/05\/Las-presentaciones-son-herramientas-de-447-k-k1-1024x576.png\" alt=\"\" class=\"wp-image-1600\" srcset=\"https:\/\/lalider.mx\/wp-content\/uploads\/2021\/05\/Las-presentaciones-son-herramientas-de-447-k-k1-1024x576.png 1024w, https:\/\/lalider.mx\/wp-content\/uploads\/2021\/05\/Las-presentaciones-son-herramientas-de-447-k-k1-300x169.png 300w, https:\/\/lalider.mx\/wp-content\/uploads\/2021\/05\/Las-presentaciones-son-herramientas-de-447-k-k1-768x432.png 768w, https:\/\/lalider.mx\/wp-content\/uploads\/2021\/05\/Las-presentaciones-son-herramientas-de-447-k-k1-1536x864.png 1536w, https:\/\/lalider.mx\/wp-content\/uploads\/2021\/05\/Las-presentaciones-son-herramientas-de-447-k-k1.png 1920w\" sizes=\"(max-width: 1024px) 100vw, 1024px\" \/><\/figure>\n\n\n\n<figure class=\"wp-block-image size-large\"><img decoding=\"async\" width=\"768\" height=\"1024\" src=\"https:\/\/lalider.mx\/wp-content\/uploads\/2021\/05\/WhatsApp-Image-2021-05-10-at-11.53.241-768x1024.jpeg\" alt=\"\" class=\"wp-image-1601\" srcset=\"https:\/\/lalider.mx\/wp-content\/uploads\/2021\/05\/WhatsApp-Image-2021-05-10-at-11.53.241-768x1024.jpeg 768w, https:\/\/lalider.mx\/wp-content\/uploads\/2021\/05\/WhatsApp-Image-2021-05-10-at-11.53.241-225x300.jpeg 225w, https:\/\/lalider.mx\/wp-content\/uploads\/2021\/05\/WhatsApp-Image-2021-05-10-at-11.53.241-1152x1536.jpeg 1152w, https:\/\/lalider.mx\/wp-content\/uploads\/2021\/05\/WhatsApp-Image-2021-05-10-at-11.53.241.jpeg 1200w\" sizes=\"(max-width: 768px) 100vw, 768px\" \/><\/figure>\n\n\n\n<figure class=\"wp-block-image size-large\"><img decoding=\"async\" width=\"819\" height=\"1024\" src=\"https:\/\/lalider.mx\/wp-content\/uploads\/2021\/05\/WhatsApp-Image-2021-05-10-at-11.53.24-819x1024.jpeg\" alt=\"\" class=\"wp-image-1602\" srcset=\"https:\/\/lalider.mx\/wp-content\/uploads\/2021\/05\/WhatsApp-Image-2021-05-10-at-11.53.24-819x1024.jpeg 819w, https:\/\/lalider.mx\/wp-content\/uploads\/2021\/05\/WhatsApp-Image-2021-05-10-at-11.53.24-240x300.jpeg 240w, https:\/\/lalider.mx\/wp-content\/uploads\/2021\/05\/WhatsApp-Image-2021-05-10-at-11.53.24-768x960.jpeg 768w, https:\/\/lalider.mx\/wp-content\/uploads\/2021\/05\/WhatsApp-Image-2021-05-10-at-11.53.24-1229x1536.jpeg 1229w, https:\/\/lalider.mx\/wp-content\/uploads\/2021\/05\/WhatsApp-Image-2021-05-10-at-11.53.24.jpeg 1280w\" sizes=\"(max-width: 819px) 100vw, 819px\" \/><\/figure>\n\n\n\n<p>Gracias por la participaci\u00f3n, tuvimos un alcance de 27 mil personas, de las cuales 417 participaron y quedaron dentro del concurso, sin embargo solo hubieron dos ganadoras.<\/p>\n\n\n\n<p>Felicidades a las mam\u00e1s ganadoras: El pastel exclusivo de Postres Petit se lo gan\u00f3 <a href=\"https:\/\/www.facebook.com\/rosaaidee.ruizharo?__cft__[0]=AZWhXn7_I3CS22dQnB8zd-66BeZCf6vdEmnLu1eSomanqiLvJTyUaNqtf0Rd9tLIcmZTgMG8YRiyJzFz1l6JPcPS4z7ZwnR2wO6Qc0mlLgTNnqbevRZpQ-adfHOOt5evBh9ix18NSSMC8NvDoQtQ6YsT-cn1vFfOC56FaugWZDTZDyFVi0ELmsGwkhF4vMg0PN0&amp;__tn__=-]K-R\">Rosa Aidee Ruiz Haro<\/a> y el arreglo floral exclusivo de Florer\u00eda Margarita es para @Ariatna Fausto.<\/p>\n\n\n\n<p><\/p>\n\n\n\n<p>Felicidades a las mam\u00e1s en su d\u00eda.<\/p>\n\n\n\n<p>Esperemos que sigan participando con nuestra emisora y sigan en la frecuencia 99.1 FM <\/p>\n","protected":false},"excerpt":{"rendered":"<p>Gracias por la participaci\u00f3n, tuvimos un alcance de 27 mil personas, de las cuales 417 participaron y quedaron dentro del concurso, sin embargo solo hubieron dos ganadoras. Felicidades a las mam\u00e1s ganadoras: El pastel exclusivo de Postres Petit se lo gan\u00f3 Rosa Aidee Ruiz Haro y el arreglo floral exclusivo de Florer\u00eda Margarita es para [&hellip;]<\/p>\n","protected":false},"author":7,"featured_media":1601,"comment_status":"open","ping_status":"closed","sticky":false,"template":"","format":"standard","meta":{"footnotes":""},"categories":[1],"tags":[],"class_list":["post-1599","post","type-post","status-publish","format-standard","has-post-thumbnail","hentry","category-noticias"],"_links":{"self":[{"href":"https:\/\/lalider.mx\/index.php\/wp-json\/wp\/v2\/posts\/1599","targetHints":{"allow":["GET"]}}],"collection":[{"href":"https:\/\/lalider.mx\/index.php\/wp-json\/wp\/v2\/posts"}],"about":[{"href":"https:\/\/lalider.mx\/index.php\/wp-json\/wp\/v2\/types\/post"}],"author":[{"embeddable":true,"href":"https:\/\/lalider.mx\/index.php\/wp-json\/wp\/v2\/users\/7"}],"replies":[{"embeddable":true,"href":"https:\/\/lalider.mx\/index.php\/wp-json\/wp\/v2\/comments?post=1599"}],"version-history":[{"count":1,"href":"https:\/\/lalider.mx\/index.php\/wp-json\/wp\/v2\/posts\/1599\/revisions"}],"predecessor-version":[{"id":1603,"href":"https:\/\/lalider.mx\/index.php\/wp-json\/wp\/v2\/posts\/1599\/revisions\/1603"}],"wp:featuredmedia":[{"embeddable":true,"href":"https:\/\/lalider.mx\/index.php\/wp-json\/wp\/v2\/media\/1601"}],"wp:attachment":[{"href":"https:\/\/lalider.mx\/index.php\/wp-json\/wp\/v2\/media?parent=1599"}],"wp:term":[{"taxonomy":"category","embeddable":true,"href":"https:\/\/lalider.mx\/index.php\/wp-json\/wp\/v2\/categories?post=1599"},{"taxonomy":"post_tag","embeddable":true,"href":"https:\/\/lalider.mx\/index.php\/wp-json\/wp\/v2\/tags?post=1599"}],"curies":[{"name":"wp","href":"https:\/\/api.w.org\/{rel}","templated":true}]}}