{"id":1569,"date":"2021-04-21T11:29:40","date_gmt":"2021-04-21T16:29:40","guid":{"rendered":"https:\/\/lalider.mx\/?p=1569"},"modified":"2021-04-21T11:29:42","modified_gmt":"2021-04-21T16:29:42","slug":"en-el-programa-que-loquera","status":"publish","type":"post","link":"https:\/\/lalider.mx\/index.php\/2021\/04\/21\/en-el-programa-que-loquera\/","title":{"rendered":"En el programa &#8220;\u00a1Que Loquera!&#8221;"},"content":{"rendered":"\n<p>Estar\u00e1n de invitados un grupo de originario de la ciudad de Guadalajara, Jalisco. <\/p>\n\n\n\n<figure class=\"wp-block-image size-large\"><img fetchpriority=\"high\" decoding=\"async\" width=\"1024\" height=\"768\" src=\"https:\/\/lalider.mx\/wp-content\/uploads\/2021\/04\/167549335_246986887133350_7620720119700287736_n-1024x768.jpg\" alt=\"\" class=\"wp-image-1571\" srcset=\"https:\/\/lalider.mx\/wp-content\/uploads\/2021\/04\/167549335_246986887133350_7620720119700287736_n-1024x768.jpg 1024w, https:\/\/lalider.mx\/wp-content\/uploads\/2021\/04\/167549335_246986887133350_7620720119700287736_n-300x225.jpg 300w, https:\/\/lalider.mx\/wp-content\/uploads\/2021\/04\/167549335_246986887133350_7620720119700287736_n-768x576.jpg 768w, https:\/\/lalider.mx\/wp-content\/uploads\/2021\/04\/167549335_246986887133350_7620720119700287736_n-1536x1152.jpg 1536w, https:\/\/lalider.mx\/wp-content\/uploads\/2021\/04\/167549335_246986887133350_7620720119700287736_n.jpg 2048w\" sizes=\"(max-width: 1024px) 100vw, 1024px\" \/><\/figure>\n\n\n\n<p>Ellos se hacen llamar &#8220;Los de la Clave MX&#8221;. <\/p>\n\n\n\n<p>Han participado y colaborado con varios artistas entre ellos &#8220;El coyote&#8221;&#8230;<\/p>\n\n\n\n<figure class=\"wp-block-image size-large\"><img decoding=\"async\" width=\"1024\" height=\"766\" src=\"https:\/\/lalider.mx\/wp-content\/uploads\/2021\/04\/148520035_212818657216840_8195806527617159057_n-1024x766.jpg\" alt=\"\" class=\"wp-image-1572\" srcset=\"https:\/\/lalider.mx\/wp-content\/uploads\/2021\/04\/148520035_212818657216840_8195806527617159057_n-1024x766.jpg 1024w, https:\/\/lalider.mx\/wp-content\/uploads\/2021\/04\/148520035_212818657216840_8195806527617159057_n-300x225.jpg 300w, https:\/\/lalider.mx\/wp-content\/uploads\/2021\/04\/148520035_212818657216840_8195806527617159057_n-768x575.jpg 768w, https:\/\/lalider.mx\/wp-content\/uploads\/2021\/04\/148520035_212818657216840_8195806527617159057_n.jpg 1280w\" sizes=\"(max-width: 1024px) 100vw, 1024px\" \/><\/figure>\n\n\n\n<p>Por ello no te puedes perder, este viernes en punto de las 10:00 a.m. Transmitiendo totalmente en vivo desde la ciudad de Villa Corona, Jalisco.<\/p>\n\n\n\n<figure class=\"wp-block-image size-large\"><img decoding=\"async\" width=\"720\" height=\"1280\" src=\"https:\/\/lalider.mx\/wp-content\/uploads\/2021\/04\/171921246_253476063151099_6976167343373389655_n-edited.jpg\" alt=\"\" class=\"wp-image-1574\" srcset=\"https:\/\/lalider.mx\/wp-content\/uploads\/2021\/04\/171921246_253476063151099_6976167343373389655_n-edited.jpg 720w, https:\/\/lalider.mx\/wp-content\/uploads\/2021\/04\/171921246_253476063151099_6976167343373389655_n-edited-169x300.jpg 169w, https:\/\/lalider.mx\/wp-content\/uploads\/2021\/04\/171921246_253476063151099_6976167343373389655_n-edited-576x1024.jpg 576w\" sizes=\"(max-width: 720px) 100vw, 720px\" \/><\/figure>\n\n\n\n<p>Conoce m\u00e1s a detalle a sus integrantes, a trav\u00e9s de la buena m\u00fasica, cotorreo y versatilidad de est\u00e9 grupo juvenil as\u00ed c\u00f3mo de sus locutores, Francisco Vizcarra, Francisco Bauer y Laura Mart\u00ednez.<\/p>\n\n\n\n<p>Contrataciones al tel\u00e9fono: 332-506-2004<\/p>\n\n\n\n<figure class=\"wp-block-image size-large\"><img loading=\"lazy\" decoding=\"async\" width=\"691\" height=\"1024\" src=\"https:\/\/lalider.mx\/wp-content\/uploads\/2021\/04\/k-691x1024.jpg\" alt=\"\" class=\"wp-image-1575\" srcset=\"https:\/\/lalider.mx\/wp-content\/uploads\/2021\/04\/k-691x1024.jpg 691w, https:\/\/lalider.mx\/wp-content\/uploads\/2021\/04\/k-203x300.jpg 203w, https:\/\/lalider.mx\/wp-content\/uploads\/2021\/04\/k-768x1138.jpg 768w, https:\/\/lalider.mx\/wp-content\/uploads\/2021\/04\/k.jpg 864w\" sizes=\"(max-width: 691px) 100vw, 691px\" \/><\/figure>\n\n\n\n<p>La L\u00edder&#8230; M\u00e1s cerca de ti.<\/p>\n","protected":false},"excerpt":{"rendered":"<p>Estar\u00e1n de invitados un grupo de originario de la ciudad de Guadalajara, Jalisco. Ellos se hacen llamar &#8220;Los de la Clave MX&#8221;. Han participado y colaborado con varios artistas entre ellos &#8220;El coyote&#8221;&#8230; Por ello no te puedes perder, este viernes en punto de las 10:00 a.m. Transmitiendo totalmente en vivo desde la ciudad de [&hellip;]<\/p>\n","protected":false},"author":7,"featured_media":1570,"comment_status":"open","ping_status":"closed","sticky":false,"template":"","format":"standard","meta":{"footnotes":""},"categories":[1],"tags":[],"class_list":["post-1569","post","type-post","status-publish","format-standard","has-post-thumbnail","hentry","category-noticias"],"_links":{"self":[{"href":"https:\/\/lalider.mx\/index.php\/wp-json\/wp\/v2\/posts\/1569","targetHints":{"allow":["GET"]}}],"collection":[{"href":"https:\/\/lalider.mx\/index.php\/wp-json\/wp\/v2\/posts"}],"about":[{"href":"https:\/\/lalider.mx\/index.php\/wp-json\/wp\/v2\/types\/post"}],"author":[{"embeddable":true,"href":"https:\/\/lalider.mx\/index.php\/wp-json\/wp\/v2\/users\/7"}],"replies":[{"embeddable":true,"href":"https:\/\/lalider.mx\/index.php\/wp-json\/wp\/v2\/comments?post=1569"}],"version-history":[{"count":1,"href":"https:\/\/lalider.mx\/index.php\/wp-json\/wp\/v2\/posts\/1569\/revisions"}],"predecessor-version":[{"id":1576,"href":"https:\/\/lalider.mx\/index.php\/wp-json\/wp\/v2\/posts\/1569\/revisions\/1576"}],"wp:featuredmedia":[{"embeddable":true,"href":"https:\/\/lalider.mx\/index.php\/wp-json\/wp\/v2\/media\/1570"}],"wp:attachment":[{"href":"https:\/\/lalider.mx\/index.php\/wp-json\/wp\/v2\/media?parent=1569"}],"wp:term":[{"taxonomy":"category","embeddable":true,"href":"https:\/\/lalider.mx\/index.php\/wp-json\/wp\/v2\/categories?post=1569"},{"taxonomy":"post_tag","embeddable":true,"href":"https:\/\/lalider.mx\/index.php\/wp-json\/wp\/v2\/tags?post=1569"}],"curies":[{"name":"wp","href":"https:\/\/api.w.org\/{rel}","templated":true}]}}