{"id":1561,"date":"2021-04-20T12:27:54","date_gmt":"2021-04-20T17:27:54","guid":{"rendered":"https:\/\/lalider.mx\/?p=1561"},"modified":"2021-04-20T14:27:02","modified_gmt":"2021-04-20T19:27:02","slug":"ejecutivo-de-ventas-en-san-martin-de-hidalgo-y-ameca","status":"publish","type":"post","link":"https:\/\/lalider.mx\/index.php\/2021\/04\/20\/ejecutivo-de-ventas-en-san-martin-de-hidalgo-y-ameca\/","title":{"rendered":"En el programa En Contacto&#8230;"},"content":{"rendered":"\n<figure class=\"wp-block-gallery columns-1 is-cropped wp-block-gallery-1 is-layout-flex wp-block-gallery-is-layout-flex\"><ul class=\"blocks-gallery-grid\"><li class=\"blocks-gallery-item\"><figure><img fetchpriority=\"high\" decoding=\"async\" width=\"768\" height=\"1024\" src=\"https:\/\/lalider.mx\/wp-content\/uploads\/2021\/04\/IMG_20210420_1111571-768x1024.jpg\" alt=\"\" data-id=\"1566\" data-full-url=\"https:\/\/lalider.mx\/wp-content\/uploads\/2021\/04\/IMG_20210420_1111571-scaled.jpg\" data-link=\"https:\/\/lalider.mx\/index.php\/2021\/04\/20\/ejecutivo-de-ventas-en-san-martin-de-hidalgo-y-ameca\/smart\/\" class=\"wp-image-1566\" srcset=\"https:\/\/lalider.mx\/wp-content\/uploads\/2021\/04\/IMG_20210420_1111571-768x1024.jpg 768w, https:\/\/lalider.mx\/wp-content\/uploads\/2021\/04\/IMG_20210420_1111571-225x300.jpg 225w, https:\/\/lalider.mx\/wp-content\/uploads\/2021\/04\/IMG_20210420_1111571-1152x1536.jpg 1152w, https:\/\/lalider.mx\/wp-content\/uploads\/2021\/04\/IMG_20210420_1111571-1536x2048.jpg 1536w, https:\/\/lalider.mx\/wp-content\/uploads\/2021\/04\/IMG_20210420_1111571-scaled.jpg 1920w\" sizes=\"(max-width: 768px) 100vw, 768px\" \/><figcaption class=\"blocks-gallery-item__caption\">Psic. Stephanie Mart\u00ednez<\/figcaption><\/figure><\/li><\/ul><\/figure>\n\n\n\n<p>En el programa En contacto&#8230; nos acompa\u00f1o la Psic\u00f3loga Stepahie Mart\u00ednez.<\/p>\n\n\n\n<p>Vean, de lo que habl\u00f3 en la transmisi\u00f3n en vivo de facebook, en la cuenta oficial de Radio La L\u00edder (XHED LA L\u00cdDER).<\/p>\n\n\n\n<p>O en el TikTok de la radio https:\/\/vm.tiktok.com\/ZMe9bXAF3\/<\/p>\n\n\n\n<p><\/p>\n","protected":false},"excerpt":{"rendered":"<p>En el programa En contacto&#8230; nos acompa\u00f1o la Psic\u00f3loga Stepahie Mart\u00ednez. Vean, de lo que habl\u00f3 en la transmisi\u00f3n en vivo de facebook, en la cuenta oficial de Radio La L\u00edder (XHED LA L\u00cdDER). O en el TikTok de la radio https:\/\/vm.tiktok.com\/ZMe9bXAF3\/<\/p>\n","protected":false},"author":7,"featured_media":1568,"comment_status":"open","ping_status":"closed","sticky":false,"template":"","format":"standard","meta":{"footnotes":""},"categories":[1],"tags":[],"class_list":["post-1561","post","type-post","status-publish","format-standard","has-post-thumbnail","hentry","category-noticias"],"_links":{"self":[{"href":"https:\/\/lalider.mx\/index.php\/wp-json\/wp\/v2\/posts\/1561","targetHints":{"allow":["GET"]}}],"collection":[{"href":"https:\/\/lalider.mx\/index.php\/wp-json\/wp\/v2\/posts"}],"about":[{"href":"https:\/\/lalider.mx\/index.php\/wp-json\/wp\/v2\/types\/post"}],"author":[{"embeddable":true,"href":"https:\/\/lalider.mx\/index.php\/wp-json\/wp\/v2\/users\/7"}],"replies":[{"embeddable":true,"href":"https:\/\/lalider.mx\/index.php\/wp-json\/wp\/v2\/comments?post=1561"}],"version-history":[{"count":2,"href":"https:\/\/lalider.mx\/index.php\/wp-json\/wp\/v2\/posts\/1561\/revisions"}],"predecessor-version":[{"id":1567,"href":"https:\/\/lalider.mx\/index.php\/wp-json\/wp\/v2\/posts\/1561\/revisions\/1567"}],"wp:featuredmedia":[{"embeddable":true,"href":"https:\/\/lalider.mx\/index.php\/wp-json\/wp\/v2\/media\/1568"}],"wp:attachment":[{"href":"https:\/\/lalider.mx\/index.php\/wp-json\/wp\/v2\/media?parent=1561"}],"wp:term":[{"taxonomy":"category","embeddable":true,"href":"https:\/\/lalider.mx\/index.php\/wp-json\/wp\/v2\/categories?post=1561"},{"taxonomy":"post_tag","embeddable":true,"href":"https:\/\/lalider.mx\/index.php\/wp-json\/wp\/v2\/tags?post=1561"}],"curies":[{"name":"wp","href":"https:\/\/api.w.org\/{rel}","templated":true}]}}