{"id":1544,"date":"2021-04-19T19:36:43","date_gmt":"2021-04-20T00:36:43","guid":{"rendered":"https:\/\/lalider.mx\/?p=1544"},"modified":"2021-04-19T19:40:07","modified_gmt":"2021-04-20T00:40:07","slug":"norteno-fillips","status":"publish","type":"post","link":"https:\/\/lalider.mx\/index.php\/2021\/04\/19\/norteno-fillips\/","title":{"rendered":"Norte\u00f1o Filins"},"content":{"rendered":"\n<figure class=\"wp-block-image size-large\"><img fetchpriority=\"high\" decoding=\"async\" width=\"1024\" height=\"716\" src=\"https:\/\/lalider.mx\/wp-content\/uploads\/2021\/04\/WhatsApp-Image-2021-04-19-at-12.44.10-1024x716.jpeg\" alt=\"\" class=\"wp-image-1547\" srcset=\"https:\/\/lalider.mx\/wp-content\/uploads\/2021\/04\/WhatsApp-Image-2021-04-19-at-12.44.10-1024x716.jpeg 1024w, https:\/\/lalider.mx\/wp-content\/uploads\/2021\/04\/WhatsApp-Image-2021-04-19-at-12.44.10-300x210.jpeg 300w, https:\/\/lalider.mx\/wp-content\/uploads\/2021\/04\/WhatsApp-Image-2021-04-19-at-12.44.10-768x537.jpeg 768w, https:\/\/lalider.mx\/wp-content\/uploads\/2021\/04\/WhatsApp-Image-2021-04-19-at-12.44.10.jpeg 1280w\" sizes=\"(max-width: 1024px) 100vw, 1024px\" \/><\/figure>\n\n\n\n<h3 class=\"wp-block-heading\" id=\"block-dce8a4fa-01a1-4e5a-a5fd-808a63901a1a\">Esta ma\u00f1ana en el programa de Levanta-T, de Radio La L\u00edder, estuvo de invitado el Norte\u00f1o Filins, grupo originario de Ameca, Jalisco.&nbsp;<\/h3>\n\n\n\n<p id=\"block-53b9a054-311c-416f-898c-d6c331d325a5\">En el programa dec\u00edan dos de sus integrantes (Cristhian Cervantes y Jonathan de Anda), que el d\u00eda de hoy a las 8:00 pm de la noche se estrenar\u00e1 el video, producci\u00f3n y canci\u00f3n, que lleva por nombre \u201cprocura\u201d, melod\u00eda original del cantautor conocido como \u201cChich\u00ed Peralta\u201d, pero al estilo de los Filins\u2026 dicha canci\u00f3n ser\u00e1 el sencillo del 2021, pero tienen planeado y en proyecto 4 canciones m\u00e1s.<\/p>\n\n\n\n<p id=\"block-2f99411e-3d3e-40b4-9543-0d4b2201e5be\">En dicha entrevista, conducida por el Lic. V\u00edctor Hugo Loza, integrantes del grupo musical, recordaban que el a\u00f1o pasado realizaban su programa llamado \u201cEl vacil\u00f3n\u201d, con el que estuvieron cerca de su audiencia y fans.<\/p>\n\n\n\n<p id=\"block-14099085-da5a-4692-8206-433c66bcf1c8\"><a href=\"https:\/\/www.youtube.com\/channel\/UCgNJ0z7OZvn4mgtsohbHvTg\"><strong>NORTENO FILINS<\/strong><br><em>Share your videos with friends, family, and the world<\/em>www.youtube.com<\/a><\/p>\n\n\n\n<p id=\"block-622056e9-e9e0-43b6-99e5-fc37992194da\">Apoyemos al talento de Ameca.<\/p>\n","protected":false},"excerpt":{"rendered":"<p>Esta ma\u00f1ana en el programa de Levanta-T, de Radio La L\u00edder, estuvo de invitado el Norte\u00f1o Filins, grupo originario de Ameca, Jalisco.&nbsp; En el programa dec\u00edan dos de sus integrantes (Cristhian Cervantes y Jonathan de Anda), que el d\u00eda de hoy a las 8:00 pm de la noche se estrenar\u00e1 el video, producci\u00f3n y canci\u00f3n, [&hellip;]<\/p>\n","protected":false},"author":7,"featured_media":1547,"comment_status":"open","ping_status":"closed","sticky":false,"template":"","format":"standard","meta":{"footnotes":""},"categories":[1],"tags":[],"class_list":["post-1544","post","type-post","status-publish","format-standard","has-post-thumbnail","hentry","category-noticias"],"_links":{"self":[{"href":"https:\/\/lalider.mx\/index.php\/wp-json\/wp\/v2\/posts\/1544","targetHints":{"allow":["GET"]}}],"collection":[{"href":"https:\/\/lalider.mx\/index.php\/wp-json\/wp\/v2\/posts"}],"about":[{"href":"https:\/\/lalider.mx\/index.php\/wp-json\/wp\/v2\/types\/post"}],"author":[{"embeddable":true,"href":"https:\/\/lalider.mx\/index.php\/wp-json\/wp\/v2\/users\/7"}],"replies":[{"embeddable":true,"href":"https:\/\/lalider.mx\/index.php\/wp-json\/wp\/v2\/comments?post=1544"}],"version-history":[{"count":5,"href":"https:\/\/lalider.mx\/index.php\/wp-json\/wp\/v2\/posts\/1544\/revisions"}],"predecessor-version":[{"id":1552,"href":"https:\/\/lalider.mx\/index.php\/wp-json\/wp\/v2\/posts\/1544\/revisions\/1552"}],"wp:featuredmedia":[{"embeddable":true,"href":"https:\/\/lalider.mx\/index.php\/wp-json\/wp\/v2\/media\/1547"}],"wp:attachment":[{"href":"https:\/\/lalider.mx\/index.php\/wp-json\/wp\/v2\/media?parent=1544"}],"wp:term":[{"taxonomy":"category","embeddable":true,"href":"https:\/\/lalider.mx\/index.php\/wp-json\/wp\/v2\/categories?post=1544"},{"taxonomy":"post_tag","embeddable":true,"href":"https:\/\/lalider.mx\/index.php\/wp-json\/wp\/v2\/tags?post=1544"}],"curies":[{"name":"wp","href":"https:\/\/api.w.org\/{rel}","templated":true}]}}