{"id":1542,"date":"2021-04-19T16:59:19","date_gmt":"2021-04-19T21:59:19","guid":{"rendered":"https:\/\/lalider.mx\/?p=1542"},"modified":"2021-04-19T17:40:42","modified_gmt":"2021-04-19T22:40:42","slug":"camara-de-comercio","status":"publish","type":"post","link":"https:\/\/lalider.mx\/index.php\/2021\/04\/19\/camara-de-comercio\/","title":{"rendered":"C\u00e1mara de Comercio"},"content":{"rendered":"\n<p id=\"d828\">El d\u00eda de hoy se recibe en las instalaciones de Radio La L\u00edder a los representantes de la c\u00e1mara de Comercio de Ameca.<\/p>\n\n\n\n<p id=\"1abc\">Durante su participaci\u00f3n al aire, la Srta. Carmen Alicia Herrera al igual que la Dra. Patricia Santos hablaron de los beneficios que tiene el ser socio de la c\u00e1mara de comercio.<\/p>\n\n\n\n<figure class=\"wp-block-image\"><img decoding=\"async\" src=\"https:\/\/miro.medium.com\/max\/1000\/1*2XaNl8s3hEWIPsSE4flo5g.jpeg\" alt=\"\"\/><\/figure>\n\n\n\n<p id=\"73f2\">El comercio en el municipio ha mejorado a trav\u00e9s de los servicios que la c\u00e1mara y sus socios ofrecen. Por ello, se tiene m\u00e1s de 100 a\u00f1os trabajando en beneficio de los Amequenses y sus negocios.<\/p>\n\n\n\n<p id=\"1f17\">La Dra. Patricia Santos, dijo que la c\u00e1mara de comercio es una instituci\u00f3n de inter\u00e9s, p\u00fablico que fue reestructurada desde el a\u00f1o 1976 y que se estableci\u00f3 como \u201cC\u00e1mara Nacional de Comercio, Servicios y Turismo de Ameca\u201d.<\/p>\n\n\n\n<p id=\"620c\">Las invitadas recomendadas que la c\u00e1mara ofrece capacitaci\u00f3n a sus socios, cursos y talleres que apoyan al crecimiento del negocio.<\/p>\n\n\n\n<p id=\"1d69\">Dentro de las instalaciones de la C\u00e1mara de comercio, se pone a su disposici\u00f3n un auditorio, mismo que no es exclusivo para socios, aunque el beneficio de ser socio es el descuento, pero tiene una capacidad para 80 personas, cuenta con pantalla, aire acondicionado etc.<\/p>\n\n\n\n<p id=\"67ee\">Adem\u00e1s, entre los servicios que se ofrecen y destacan es la orientaci\u00f3n al SAT, al INE, al IMSS, asesor\u00eda legal y contable, declaraciones, tramites en general, recursos econ\u00f3micos de gobierno, programas federales, apoyos de la salud, econom\u00eda en nuestro pa\u00eds , turismo y todos los servicios que se ofrecen a nivel local y nacional.<\/p>\n\n\n\n<p id=\"2e97\">Establecen que la C\u00e1mara est\u00e1 regida y supervisada por la CONCANACO.<\/p>\n\n\n\n<p id=\"e1a0\">Y comentan que todos aquellos comerciantes que gusten pertenecer a la esta instituci\u00f3n deben de haber pagado el 100% de sus impuestos en Sistema De Informaci\u00f3n Empresarial Mexicano (SIE), m\u00e1s realizar la aceptaci\u00f3n voluntaria para ingresar como socio y pagar una cuota anual seg\u00fan el n\u00famero de empleados, para obtener los beneficios antes mencionados.<\/p>\n\n\n\n<p id=\"e563\"><a href=\"https:\/\/www.facebook.com\/LaLiderXhed\/videos\/vb.532735696775725\/890304891808619\/?type=2&amp;theater\">La LIDER XHED &#8211; Inicio | Facebook<\/a><\/p>\n\n\n\n<p id=\"bb0e\">Antes de retirarse reiteran la invitaci\u00f3n a los comerciantes para unirse a la C\u00e1mara de Comercio en el municipio ya los comerciantes de los otros 13 municipios que pertenecen a la c\u00e1mara de Comercio de Ameca, ya que el objetivo es servir, informar y fortalecer al servicio formal .<\/p>\n\n\n\n<p id=\"7cb4\">Su ubicaci\u00f3n es frente a la Escuela Preparatoria Regional de Ameca, en un horario de 9:00 am a 4:00 pm de lunes a viernes. Y su n\u00famero telef\u00f3nico es 375 75 8 07 72<\/p>\n\n\n\n<p id=\"a4ba\">Facebook: C\u00e1mara De Comercio De Ameca<\/p>\n\n\n\n<p id=\"9303\">M\u00e1s noticias en:&nbsp;<a href=\"https:\/\/lalider.mx\/\">https:\/\/lalider.mx\/<\/a><\/p>\n","protected":false},"excerpt":{"rendered":"<p>El d\u00eda de hoy se recibe en las instalaciones de Radio La L\u00edder a los representantes de la c\u00e1mara de Comercio de Ameca. Durante su participaci\u00f3n al aire, la Srta. Carmen Alicia Herrera al igual que la Dra. Patricia Santos hablaron de los beneficios que tiene el ser socio de la c\u00e1mara de comercio. El [&hellip;]<\/p>\n","protected":false},"author":7,"featured_media":1545,"comment_status":"open","ping_status":"closed","sticky":false,"template":"","format":"standard","meta":{"footnotes":""},"categories":[1],"tags":[],"class_list":["post-1542","post","type-post","status-publish","format-standard","has-post-thumbnail","hentry","category-noticias"],"_links":{"self":[{"href":"https:\/\/lalider.mx\/index.php\/wp-json\/wp\/v2\/posts\/1542","targetHints":{"allow":["GET"]}}],"collection":[{"href":"https:\/\/lalider.mx\/index.php\/wp-json\/wp\/v2\/posts"}],"about":[{"href":"https:\/\/lalider.mx\/index.php\/wp-json\/wp\/v2\/types\/post"}],"author":[{"embeddable":true,"href":"https:\/\/lalider.mx\/index.php\/wp-json\/wp\/v2\/users\/7"}],"replies":[{"embeddable":true,"href":"https:\/\/lalider.mx\/index.php\/wp-json\/wp\/v2\/comments?post=1542"}],"version-history":[{"count":1,"href":"https:\/\/lalider.mx\/index.php\/wp-json\/wp\/v2\/posts\/1542\/revisions"}],"predecessor-version":[{"id":1543,"href":"https:\/\/lalider.mx\/index.php\/wp-json\/wp\/v2\/posts\/1542\/revisions\/1543"}],"wp:featuredmedia":[{"embeddable":true,"href":"https:\/\/lalider.mx\/index.php\/wp-json\/wp\/v2\/media\/1545"}],"wp:attachment":[{"href":"https:\/\/lalider.mx\/index.php\/wp-json\/wp\/v2\/media?parent=1542"}],"wp:term":[{"taxonomy":"category","embeddable":true,"href":"https:\/\/lalider.mx\/index.php\/wp-json\/wp\/v2\/categories?post=1542"},{"taxonomy":"post_tag","embeddable":true,"href":"https:\/\/lalider.mx\/index.php\/wp-json\/wp\/v2\/tags?post=1542"}],"curies":[{"name":"wp","href":"https:\/\/api.w.org\/{rel}","templated":true}]}}