{"id":1229,"date":"2020-10-07T12:52:54","date_gmt":"2020-10-07T17:52:54","guid":{"rendered":"https:\/\/lalider.mx\/?p=1229"},"modified":"2020-10-07T12:53:38","modified_gmt":"2020-10-07T17:53:38","slug":"pequenos-lider","status":"publish","type":"post","link":"https:\/\/lalider.mx\/index.php\/2020\/10\/07\/pequenos-lider\/","title":{"rendered":"Peque\u00f1os L\u00edder"},"content":{"rendered":"\t\t<div data-elementor-type=\"wp-post\" data-elementor-id=\"1229\" class=\"elementor elementor-1229\" data-elementor-post-type=\"post\">\n\t\t\t\t\t\t<section class=\"elementor-section elementor-top-section elementor-element elementor-element-e0ea10d elementor-section-boxed elementor-section-height-default elementor-section-height-default\" data-id=\"e0ea10d\" data-element_type=\"section\" data-e-type=\"section\">\n\t\t\t\t\t\t<div class=\"elementor-container elementor-column-gap-default\">\n\t\t\t\t\t<div class=\"elementor-column elementor-col-100 elementor-top-column elementor-element elementor-element-f9337b3\" data-id=\"f9337b3\" data-element_type=\"column\" data-e-type=\"column\">\n\t\t\t<div class=\"elementor-widget-wrap elementor-element-populated\">\n\t\t\t\t\t\t<div class=\"elementor-element elementor-element-95a6d71 elementor-widget elementor-widget-text-editor\" data-id=\"95a6d71\" data-element_type=\"widget\" data-e-type=\"widget\" data-widget_type=\"text-editor.default\">\n\t\t\t\t<div class=\"elementor-widget-container\">\n\t\t\t\t\t\t\t\t\t<p>La radio es el universo del sonido, de la palabra y de la m\u00fasica, es por ello que en peque\u00f1os l\u00edder el conocimiento, la m\u00fasica infantil y la diversi\u00f3n van de la mano. Un espacio dedicado para los m\u00e1s peque\u00f1os de la casa. En donde aprenden, se divierten y dar rienda suelta a su imaginaci\u00f3n. Esc\u00fachanos todos los domingos de 10:00 a 11:00 de la ma\u00f1ana. Somos la frecuencia l\u00edder para los ni\u00f1os.<\/p>\t\t\t\t\t\t\t\t<\/div>\n\t\t\t\t<\/div>\n\t\t\t\t\t<\/div>\n\t\t<\/div>\n\t\t\t\t\t<\/div>\n\t\t<\/section>\n\t\t\t\t<\/div>\n\t\t","protected":false},"excerpt":{"rendered":"<p>La radio es el universo del sonido, de la palabra y de la m\u00fasica, es por ello que en peque\u00f1os l\u00edder el conocimiento, la m\u00fasica infantil y la diversi\u00f3n van de la mano. Un espacio dedicado para los m\u00e1s peque\u00f1os de la casa. En donde aprenden, se divierten y dar rienda suelta a su imaginaci\u00f3n. [&hellip;]<\/p>\n","protected":false},"author":3,"featured_media":1194,"comment_status":"open","ping_status":"closed","sticky":false,"template":"","format":"standard","meta":{"footnotes":""},"categories":[7],"tags":[],"class_list":["post-1229","post","type-post","status-publish","format-standard","has-post-thumbnail","hentry","category-programas"],"_links":{"self":[{"href":"https:\/\/lalider.mx\/index.php\/wp-json\/wp\/v2\/posts\/1229","targetHints":{"allow":["GET"]}}],"collection":[{"href":"https:\/\/lalider.mx\/index.php\/wp-json\/wp\/v2\/posts"}],"about":[{"href":"https:\/\/lalider.mx\/index.php\/wp-json\/wp\/v2\/types\/post"}],"author":[{"embeddable":true,"href":"https:\/\/lalider.mx\/index.php\/wp-json\/wp\/v2\/users\/3"}],"replies":[{"embeddable":true,"href":"https:\/\/lalider.mx\/index.php\/wp-json\/wp\/v2\/comments?post=1229"}],"version-history":[{"count":2,"href":"https:\/\/lalider.mx\/index.php\/wp-json\/wp\/v2\/posts\/1229\/revisions"}],"predecessor-version":[{"id":1231,"href":"https:\/\/lalider.mx\/index.php\/wp-json\/wp\/v2\/posts\/1229\/revisions\/1231"}],"wp:featuredmedia":[{"embeddable":true,"href":"https:\/\/lalider.mx\/index.php\/wp-json\/wp\/v2\/media\/1194"}],"wp:attachment":[{"href":"https:\/\/lalider.mx\/index.php\/wp-json\/wp\/v2\/media?parent=1229"}],"wp:term":[{"taxonomy":"category","embeddable":true,"href":"https:\/\/lalider.mx\/index.php\/wp-json\/wp\/v2\/categories?post=1229"},{"taxonomy":"post_tag","embeddable":true,"href":"https:\/\/lalider.mx\/index.php\/wp-json\/wp\/v2\/tags?post=1229"}],"curies":[{"name":"wp","href":"https:\/\/api.w.org\/{rel}","templated":true}]}}